{"id":49003,"date":"2024-01-03T11:12:25","date_gmt":"2024-01-03T10:12:25","guid":{"rendered":"https:\/\/ticker-noticiasep.microcontenidos.com\/NoticiaRSS.vbhtml?user=XRNR562DLR&amp;cod=20240103111225"},"modified":"2024-01-03T11:12:25","modified_gmt":"2024-01-03T10:12:25","slug":"el-ayuntamiento-de-monzon-huesca-renueva-el-sello-de-responsabilidad-social-de-aragon","status":"publish","type":"post","link":"https:\/\/webciudadana.net\/?p=49003","title":{"rendered":"El Ayuntamiento de Monz\u00f3n (Huesca) renueva el Sello de Responsabilidad Social de Arag\u00f3n"},"content":{"rendered":"\n<div><img decoding=\"async\" src=\"\/wp-content\/uploads\/sites\/2\/2024\/01\/el-ayuntamiento-de-monzon-huesca-renueva-el-sello-de-responsabilidad-social-de-aragon.jpg\" class=\"ff-og-image-inserted\"><\/div>\n<p> MONZ\u00d3N (HUESCA), 3 (EUROPA PRESS)<\/p>\n<p> El Ayuntamiento de Monz\u00f3n ha renovado el Sello de Responsabilidad Social de Arag\u00f3n, tras conseguirlo el a\u00f1o pasado como reconocimiento a la implantaci\u00f3n y aplicaci\u00f3n de pr\u00e1cticas socialmente responsables.<\/p>\n<p> El alcalde, Isaac Claver, y la concejal de Servicios Sociales, Mirella Mart\u00ednez, han recogido el sello que tan solo lo tienen tres<br \/>\nayuntamientos de los 202 municipios de la provincia de Huesca.<\/p>\n<p> Su renovaci\u00f3n se basa en la segunda memoria de sostenibilidad de la corporaci\u00f3n, desarrollada dentro del Plan Estrat\u00e9gico &#8216;#MiMonz\u00f3n2030&#8217;.<\/p>\n<p> Claver ha indicado que el Ayuntamiento de Monz\u00f3n ha renovado este sello con el que se reconoce el compromiso y labor con la responsabilidad social y que tan solo tres ayuntamientos de la provincia de Huesca, con 202 municipios. \u00abLo hemos conseguido, es un detalle m\u00e1s que reconoce nuestra labor social y responsable\u00bb, ha destacado.<\/p>\n<p> En este a\u00f1o se han realizado acciones enmarcadas en este \u00e1mbito en Monz\u00f3n, Selgua y Conchel como la selecci\u00f3n por el Ministerio de Transportes, Movilidad y Agenda Urbana (MITMA) para la elaboraci\u00f3n del Plan Estrat\u00e9gico de Acci\u00f3n Local, denominado &#8216;#MiMonz\u00f3n2030&#8217;, alineado con la Agenda Urbana Espa\u00f1ola (AUE).<\/p>\n<p> En este \u00faltimo a\u00f1o, se ha continuado con proyectos enmarcados en la hoja de ruta de cara al 2030. As\u00ed, se han sustituido m\u00e1s de 500 luminarias p\u00fablicas por LED, se est\u00e1 trabajando en un proyecto de eficiencia energ\u00e9tica cofinanciado con fondos europeos; adem\u00e1s, se ha mejorado la entrada a Monz\u00f3n por la avenida Pueyo con la construcci\u00f3n de un carril-bici con m\u00e1s y mejor iluminaci\u00f3n y, por \u00faltimo, se ha construido un &#8216;pump track&#8217; para la pr\u00e1ctica de esta nueva modalidad deportiva.<\/p>\n<p> Se contin\u00faan con los caminos escolares y se ha terminado el proyecto &#8216;Monz\u00f3n Inclusivo y Saludable&#8217;, que parte de la plaza La Ceca hasta el colegio La Alegr\u00eda.<\/p>\n<p>\nSELLO RESPONSABILIDAD SOCIAL ARAG\u00d3N<\/p>\n<p> El Gobierno de Arag\u00f3n, conjuntamente con CEOE, Cepyme, UGT y CCOO firmaron en noviembre de 2015 la puesta en marcha del Plan de Responsabilidad Social de Arag\u00f3n, con el objetivo de promover la Responsabilidad Social Empresarial y Corporativa en los aut\u00f3nomos, empresas y todo tipo de organizaciones p\u00fablicas y privadas de la Comunidad Aut\u00f3noma de Arag\u00f3n, para que implanten y apliquen pr\u00e1cticas socialmente responsables.<\/p>\n<p> El Plan de Responsabilidad Social se ha creado partiendo de la base de varios conceptos en los que se hace hincapi\u00e9 con los participantes que son la sensibilizaci\u00f3n, compromiso, formaci\u00f3n y transparencia.<\/p>\n<p> El Plan RSA pretende llegar al mayor n\u00famero posible de aut\u00f3nomos, pymes, grandes empresas y entidades no lucrativas sin excluir a ning\u00fan colectivo, difundiendo los principios de la Responsabilidad Social de manera que vayan calando entre el tejido empresarial y de entidades de Arag\u00f3n y formando a todos los participantes en las sesiones presenciales a las que es obligatorio asistir.<\/p>\n<p> Todos los participantes adquieren un compromiso con los principios de Responsabilidad Social firmando el compromiso y cumplimentando el cuestionario que ser\u00e1 p\u00fablico en el caso de que sean reconocidas.<\/p>\n<p> Este principio de transparencia hace que cualquiera pueda dirigirse a la Mesa de la RSA en el caso de que se detecte alguna irregularidad en los datos aportados por las organizaciones.<\/p>\n","protected":false},"excerpt":{"rendered":"<p>MONZ\u00d3N (HUESCA), 3 (EUROPA PRESS) El Ayuntamiento de Monz\u00f3n ha renovado el Sello de Responsabilidad Social de Arag\u00f3n, tras conseguirlo el a\u00f1o pasado como reconocimiento a la implantaci\u00f3n y aplicaci\u00f3n de pr\u00e1cticas socialmente responsables. El alcalde, Isaac Claver, y la concejal de Servicios Sociales, Mirella Mart\u00ednez, han recogido el sello que tan solo lo tienen [&hellip;]<\/p>\n","protected":false},"author":1,"featured_media":0,"comment_status":"closed","ping_status":"closed","sticky":false,"template":"","format":"standard","meta":{"footnotes":""},"categories":[],"tags":[],"class_list":["post-49003","post","type-post","status-publish","format-standard","hentry"],"_links":{"self":[{"href":"https:\/\/webciudadana.net\/index.php?rest_route=\/wp\/v2\/posts\/49003","targetHints":{"allow":["GET"]}}],"collection":[{"href":"https:\/\/webciudadana.net\/index.php?rest_route=\/wp\/v2\/posts"}],"about":[{"href":"https:\/\/webciudadana.net\/index.php?rest_route=\/wp\/v2\/types\/post"}],"author":[{"embeddable":true,"href":"https:\/\/webciudadana.net\/index.php?rest_route=\/wp\/v2\/users\/1"}],"replies":[{"embeddable":true,"href":"https:\/\/webciudadana.net\/index.php?rest_route=%2Fwp%2Fv2%2Fcomments&post=49003"}],"version-history":[{"count":0,"href":"https:\/\/webciudadana.net\/index.php?rest_route=\/wp\/v2\/posts\/49003\/revisions"}],"wp:attachment":[{"href":"https:\/\/webciudadana.net\/index.php?rest_route=%2Fwp%2Fv2%2Fmedia&parent=49003"}],"wp:term":[{"taxonomy":"category","embeddable":true,"href":"https:\/\/webciudadana.net\/index.php?rest_route=%2Fwp%2Fv2%2Fcategories&post=49003"},{"taxonomy":"post_tag","embeddable":true,"href":"https:\/\/webciudadana.net\/index.php?rest_route=%2Fwp%2Fv2%2Ftags&post=49003"}],"curies":[{"name":"wp","href":"https:\/\/api.w.org\/{rel}","templated":true}]}}