{"id":49017,"date":"2024-01-03T15:47:36","date_gmt":"2024-01-03T14:47:36","guid":{"rendered":"https:\/\/ticker-noticiasep.microcontenidos.com\/NoticiaRSS.vbhtml?user=XRNR562DLR&amp;cod=20240103154736"},"modified":"2024-01-03T15:47:36","modified_gmt":"2024-01-03T14:47:36","slug":"el-ministerio-de-la-mujer-de-ecuador-no-cumple-la-sentencia-que-ordena-disculpas-publicas-a-capacitador-lgbt","status":"publish","type":"post","link":"https:\/\/webciudadana.net\/?p=49017","title":{"rendered":"El Ministerio de la Mujer de Ecuador no cumple la sentencia que ordena disculpas p\u00fablicas a capacitador LGBT"},"content":{"rendered":"\n<div><img decoding=\"async\" src=\"\/wp-content\/uploads\/sites\/2\/2024\/01\/el-ministerio-de-la-mujer-de-ecuador-no-cumple-la-sentencia-que-ordena-disculpas-publicas-a-capacitador-lgbt.jpg\" class=\"ff-og-image-inserted\"><\/div>\n<p>(Informaci\u00f3n remitida por la empresa firmante)<\/p>\n<p>\nGuayaquil, 3 de enero de 2024.- Un juzgado constitucional de Ecuador declar\u00f3 en noviembre de 2023 que el Ministerio de la Mujer y Derechos Humanos (MMDH) y un contratista de la instituci\u00f3n vulneraron los derechos de un capacitador LGBTIQ+. Sin embargo, el MMDH a\u00fan no ha cumplido con la orden judicial de ofrecer disculpas p\u00fablicas al trabajador. Las sentencias son de orden inmediato a pesar de que la parte accionada apele.*<\/p>\n<p>\nEl capacitador, un hombre transg\u00e9nero de cuerpo gestante, fue separado por el contratista a partir de sus reclamos el 28 de agosto de 2023. El mismo puso en conocimiento ese mismo d\u00eda a la m\u00e1xima autoridad del Ministerio de la Mujer y Derechos Humanos sobre los hechos por los cuales era separado. Incluy\u00f3 el hostigamiento del que hab\u00eda sido objeto, por sus constantes reclamos. Debido a que el MMDH no respondi\u00f3, present\u00f3 una acci\u00f3n de protecci\u00f3n ante el juzgado en octubre de 2023, alegando que hab\u00eda sido discriminado por su orientaci\u00f3n sexual e identidad de g\u00e9nero.*<\/p>\n<p>\nEl juzgado constitucional acept\u00f3 la acci\u00f3n de protecci\u00f3n presentada y declar\u00f3 que el contratista vulner\u00f3 sus derechos a la igualdad y no discriminaci\u00f3n, y, adem\u00e1s, que el MMDH vulner\u00f3 el derecho constitucional de petici\u00f3n del capacitador LGBTIQ+.*<\/p>\n<p>\nEl juzgado orden\u00f3 al contratista que ofrezca disculpas p\u00fablicas. Tambi\u00e9n orden\u00f3 al MMDH que ofrezca disculpas p\u00fablicas al capacitador y le brinde apoyo psicol\u00f3gico.<\/p>\n<p> Seg\u00fan el afectado, que adem\u00e1s es activista, el MMDH no ha cumplido con la orden de ofrecer disculpas p\u00fablicas, puesto que no ha sido testigo de ninguna publicaci\u00f3n sobre la sentencia, ni el MMDH le ha puesto en conocimiento directamente. El mismo se\u00f1al\u00f3 en sus redes sociales, inclusive, que esperaba reunirse con la ministra a trav\u00e9s de una solicitud realizada el 30 de noviembre, sin embargo, lo delegan al departamento jur\u00eddico y de forma virtual. En contraste, la ministra del nuevo gobierno del presidente Daniel Noboa ha mantenido reuniones presenciales con activistas LGBTIQ+ que aparentan no ser cr\u00edticos.<\/p>\n<p> El capacitador manifest\u00f3 su preocupaci\u00f3n por el incumplimiento de la resoluci\u00f3n judicial y se\u00f1al\u00f3 que la falta de cumplimiento de la sentencia constitucional representar\u00eda un retroceso en la lucha contra la discriminaci\u00f3n por razones de orientaci\u00f3n sexual e identidad de g\u00e9nero en Ecuador.<\/p>\n<p> El incumplimiento de la resoluci\u00f3n judicial por parte del MMDH pone en evidencia la necesidad de que la instituci\u00f3n adopte medidas para garantizar los derechos de las personas LGBTIQ+ y con mayor \u00e9nfasis en los hombres trans y\/o transmasculinos.*<\/p>\n<p>\nEste caso tambi\u00e9n es un recordatorio de que las personas LGBTIQ+ siguen siendo v\u00edctimas de discriminaci\u00f3n en el \u00e1mbito de algunas instituciones ecuatorianas.*<\/p>\n<p>\nContexto<\/p>\n<p>\nEl Ecuador es un pa\u00eds que ha avanzado en la protecci\u00f3n de los derechos de las personas LGBTIQ+. En 2019, la Corte Constitucional del Ecuador declar\u00f3 que el matrimonio entre personas del mismo sexo es constitucional.<\/p>\n<p> La Asamblea Nacional aprob\u00f3 el reconocimiento de la menci\u00f3n registral \u00absexo\u00bb en la c\u00e9dula de identidad. La Asociaci\u00f3n Silueta X y la Asociaci\u00f3n Transmasculinos Ecuador, miembros de la Plataforma Nacional Revoluci\u00f3n Trans \u00abCoaliTrans\u00bb, aplaudieron la aprobaci\u00f3n, luego de impulsar la propuesta desde el a\u00f1o 2017.*<\/p>\n<p>\nSin embargo, a\u00fan persisten casos de discriminaci\u00f3n, violencia e incluso asesinatos por razones de orientaci\u00f3n sexual e identidad de g\u00e9nero en el pa\u00eds, seg\u00fan el Informe Runa Sipiy que registra estos casos a\u00f1o a a\u00f1o.<\/p>\n<p> Emisor: Asociaci\u00f3n Silueta X<\/p>\n<p>\nContacto<\/p>\n<p>\nContacto: Gabinete Period\u00edstico<\/p>\n<p>\nEmail de contacto: comunicados@prensaymedios.com<\/p>\n","protected":false},"excerpt":{"rendered":"<p>(Informaci\u00f3n remitida por la empresa firmante) Guayaquil, 3 de enero de 2024.- Un juzgado constitucional de Ecuador declar\u00f3 en noviembre de 2023 que el Ministerio de la Mujer y Derechos Humanos (MMDH) y un contratista de la instituci\u00f3n vulneraron los derechos de un capacitador LGBTIQ+. Sin embargo, el MMDH a\u00fan no ha cumplido con la [&hellip;]<\/p>\n","protected":false},"author":1,"featured_media":0,"comment_status":"closed","ping_status":"closed","sticky":false,"template":"","format":"standard","meta":{"footnotes":""},"categories":[],"tags":[],"class_list":["post-49017","post","type-post","status-publish","format-standard","hentry"],"_links":{"self":[{"href":"https:\/\/webciudadana.net\/index.php?rest_route=\/wp\/v2\/posts\/49017","targetHints":{"allow":["GET"]}}],"collection":[{"href":"https:\/\/webciudadana.net\/index.php?rest_route=\/wp\/v2\/posts"}],"about":[{"href":"https:\/\/webciudadana.net\/index.php?rest_route=\/wp\/v2\/types\/post"}],"author":[{"embeddable":true,"href":"https:\/\/webciudadana.net\/index.php?rest_route=\/wp\/v2\/users\/1"}],"replies":[{"embeddable":true,"href":"https:\/\/webciudadana.net\/index.php?rest_route=%2Fwp%2Fv2%2Fcomments&post=49017"}],"version-history":[{"count":0,"href":"https:\/\/webciudadana.net\/index.php?rest_route=\/wp\/v2\/posts\/49017\/revisions"}],"wp:attachment":[{"href":"https:\/\/webciudadana.net\/index.php?rest_route=%2Fwp%2Fv2%2Fmedia&parent=49017"}],"wp:term":[{"taxonomy":"category","embeddable":true,"href":"https:\/\/webciudadana.net\/index.php?rest_route=%2Fwp%2Fv2%2Fcategories&post=49017"},{"taxonomy":"post_tag","embeddable":true,"href":"https:\/\/webciudadana.net\/index.php?rest_route=%2Fwp%2Fv2%2Ftags&post=49017"}],"curies":[{"name":"wp","href":"https:\/\/api.w.org\/{rel}","templated":true}]}}