{"id":49022,"date":"2024-01-03T17:01:51","date_gmt":"2024-01-03T16:01:51","guid":{"rendered":"https:\/\/ticker-noticiasep.microcontenidos.com\/NoticiaRSS.vbhtml?user=XRNR562DLR&amp;cod=20240103170151"},"modified":"2024-01-03T17:01:51","modified_gmt":"2024-01-03T16:01:51","slug":"jovenes-con-diferentes-discapacidades-protagonizan-el-calendario-2024-de-fundacion-adecco-para-derribar-estereotipos","status":"publish","type":"post","link":"https:\/\/webciudadana.net\/?p=49022","title":{"rendered":"J\u00f3venes con diferentes discapacidades protagonizan el Calendario 2024 de Fundaci\u00f3n Adecco para derribar estereotipos"},"content":{"rendered":"\n<div><img decoding=\"async\" src=\"\/wp-content\/uploads\/sites\/2\/2024\/01\/jovenes-con-diferentes-discapacidades-protagonizan-el-calendario-2024-de-fundacion-adecco-para-derribar-estereotipos.jpg\" class=\"ff-og-image-inserted\"><\/div>\n<p>J\u00f3venes con diferentes discapacidades protagonizan el Calendario 2024 de Fundaci\u00f3n Adecco para derribar estereotipos<\/p>\n<p> MADRID, 3 (EUROPA PRESS)<\/p>\n<p> Un total de 14 j\u00f3venes con diferentes discapacidades protagonizan el Calendario 2024 de la Fundaci\u00f3n Adecco bajo el lema &#8216;\u00a1D\u00e9jate de historias, conoce la discapacidad!&#8217;, una iniciativa de sensibilizaci\u00f3n con la que se buscan derribar las etiquetas negativas y prejuicios que lastran su plena inclusi\u00f3n laboral con el fin de dar un toque de atenci\u00f3n a las empresas y a la sociedad, en general, seg\u00fan sus impulsores.<\/p>\n<p> Los 14 protagonistas de esta iniciativa de sensibilizaci\u00f3n son Santiago, maestro; Teresa, estudiante de enfermer\u00eda; David, bioingeniero; A\u00edda, administrativa; Carlos, estudiante de realizaci\u00f3n audiovisual; Patricia, estudiante de ADE y Marketing; Ana, estudiante de psicolog\u00eda, Marcos y Sof\u00eda, estudiantes de EBO y Bachillerato; Daniel, administrativo; Roberto, administrativo y atleta; Miguel, estudiante; Caterina, creadora de contenido y Noelia, azafata.<\/p>\n<p> Seg\u00fan Fundaci\u00f3n Adecco, aunque en los \u00faltimos a\u00f1os se han experimentado avances en contrataci\u00f3n de este colectivo y un mayor compromiso y sensibilidad, la participaci\u00f3n en el mercado laboral de las personas con discapacidad (f\u00edsica, intelectual, sensorial u org\u00e1nica) sigue siendo exigua.<\/p>\n<p> As\u00ed, a\u00f1aden que solo el 35% de las personas con discapacidad en edad laboral tiene empleo o lo busca; al tiempo que contin\u00faan infrarrepresentadas en la Universidad y en la formaci\u00f3n cualificada, y la mayor\u00eda de los contratos se suscriben en el \u00e1mbito protegido (Centros Especiales de Empleo), por lo que es minoritaria su presencia en las empresas ordinarias o entornos convencionales de trabajo, seg\u00fan datos de Fundaci\u00f3n Adecco.<\/p>\n<p> Por eso, el director general de la Fundaci\u00f3n Adecco, Francisco Mesonero, ha hecho un llamamiento a las empresas para que apuesten por estas personas y su talento. \u00abQu\u00e9 mejor forma de hacerlo que a trav\u00e9s de historias reales de j\u00f3venes con discapacidad, conscientes de sus derechos y firmemente decididos a participar en todas las esferas de la vida social y laboral\u00bb, explica Mesonero. <\/p>\n","protected":false},"excerpt":{"rendered":"<p>J\u00f3venes con diferentes discapacidades protagonizan el Calendario 2024 de Fundaci\u00f3n Adecco para derribar estereotipos MADRID, 3 (EUROPA PRESS) Un total de 14 j\u00f3venes con diferentes discapacidades protagonizan el Calendario 2024 de la Fundaci\u00f3n Adecco bajo el lema &#8216;\u00a1D\u00e9jate de historias, conoce la discapacidad!&#8217;, una iniciativa de sensibilizaci\u00f3n con la que se buscan derribar las etiquetas [&hellip;]<\/p>\n","protected":false},"author":1,"featured_media":0,"comment_status":"closed","ping_status":"closed","sticky":false,"template":"","format":"standard","meta":{"footnotes":""},"categories":[],"tags":[],"class_list":["post-49022","post","type-post","status-publish","format-standard","hentry"],"_links":{"self":[{"href":"https:\/\/webciudadana.net\/index.php?rest_route=\/wp\/v2\/posts\/49022","targetHints":{"allow":["GET"]}}],"collection":[{"href":"https:\/\/webciudadana.net\/index.php?rest_route=\/wp\/v2\/posts"}],"about":[{"href":"https:\/\/webciudadana.net\/index.php?rest_route=\/wp\/v2\/types\/post"}],"author":[{"embeddable":true,"href":"https:\/\/webciudadana.net\/index.php?rest_route=\/wp\/v2\/users\/1"}],"replies":[{"embeddable":true,"href":"https:\/\/webciudadana.net\/index.php?rest_route=%2Fwp%2Fv2%2Fcomments&post=49022"}],"version-history":[{"count":0,"href":"https:\/\/webciudadana.net\/index.php?rest_route=\/wp\/v2\/posts\/49022\/revisions"}],"wp:attachment":[{"href":"https:\/\/webciudadana.net\/index.php?rest_route=%2Fwp%2Fv2%2Fmedia&parent=49022"}],"wp:term":[{"taxonomy":"category","embeddable":true,"href":"https:\/\/webciudadana.net\/index.php?rest_route=%2Fwp%2Fv2%2Fcategories&post=49022"},{"taxonomy":"post_tag","embeddable":true,"href":"https:\/\/webciudadana.net\/index.php?rest_route=%2Fwp%2Fv2%2Ftags&post=49022"}],"curies":[{"name":"wp","href":"https:\/\/api.w.org\/{rel}","templated":true}]}}