{"id":49031,"date":"2024-01-04T11:00:49","date_gmt":"2024-01-04T10:00:49","guid":{"rendered":"https:\/\/ticker-noticiasep.microcontenidos.com\/NoticiaRSS.vbhtml?user=XRNR562DLR&amp;cod=20240104110049"},"modified":"2024-01-04T11:00:49","modified_gmt":"2024-01-04T10:00:49","slug":"mas-de-45-000-personas-se-beneficiaron-de-las-acciones-de-copade-en-2023-en-espana-y-latinoamerica","status":"publish","type":"post","link":"https:\/\/webciudadana.net\/?p=49031","title":{"rendered":"M\u00e1s de 45.000 personas se beneficiaron de las acciones de COPADE en 2023 en Espa\u00f1a y Latinoam\u00e9rica"},"content":{"rendered":"\n<div><img decoding=\"async\" src=\"\/wp-content\/uploads\/sites\/2\/2024\/01\/mas-de-45-000-personas-se-beneficiaron-de-las-acciones-de-copade-en-2023-en-espana-y-latinoamerica.jpg\" class=\"ff-og-image-inserted\"><\/div>\n<p> MADRID, 4 (EUROPA PRESS)<\/p>\n<p> La Fundaci\u00f3n Comercio Para el Desarrollo (COPADE) ha contribuido a que m\u00e1s de 45.000 personas de pa\u00edses de Latinoam\u00e9rica, Espa\u00f1a y Francia se hayan beneficiado de sus acciones y proyectos orientados a la preservaci\u00f3n forestal y protecci\u00f3n de la econom\u00eda social y solidaria durante 2023.<\/p>\n<p> En el 25\u00ba aniversario de la Fundaci\u00f3n, COPADE ha centrado su labor en Espa\u00f1a en proyectos de sensibilizaci\u00f3n y desarrollo rural. Por ejemplo, el proyecto &#8216;Del Bosque a tu Casa&#8217;, en el que la entidad se ha unido con otras ocho entidades de cinco comunidades aut\u00f3nomas diferentes, y que es su gran apuesta para incentivar la creaci\u00f3n de emprendimiento y empleo en zonas despobladas y con baja oferta laboral, como destaca en un comunicado.<\/p>\n<p> Anteriormente, COPADE ya hab\u00eda llevado a cabo otras iniciativas en las zonas rurales para reconducir el modelo forestal en Espa\u00f1a, llevando a cabo investigaciones para conocer el \u00f3ptimo aprovechamiento de la madera de la zona de estudio.<\/p>\n<p> Otro de los sectores m\u00e1s beneficiados por las acciones de la entidad ha sido el de los aut\u00f3nomos, micro, peque\u00f1as y medianas empresas espa\u00f1olas, as\u00ed como entidades de la econom\u00eda social y solidaria con proyectos como &#8216;Reporte No Financiero para pymes como instrumento para promover un desarrollo sostenible&#8217;, &#8216;Econom\u00eda Social por el Cambio&#8217;, &#8216;Creando agentes del cambio para la innovaci\u00f3n social sostenibles&#8217; o &#8216;Pymes y ODS: Promoviendo empresas por el cambio a trav\u00e9s de la medici\u00f3n de la Huella Social (HS)&#8217;, seg\u00fan detalla COPADE.<\/p>\n<p> Por otro lado, la Fundaci\u00f3n llev\u00f3 a cabo varias acciones en pa\u00edses de Am\u00e9rica Latina, como en Guatemala, donde se ha seguido promoviendo el comercio equitativo y responsable entre el pa\u00eds y Europa. Tambi\u00e9n en Ecuador se han intensificado sus acciones, asegura la entidad, con proyectos como &#8216;Fomento del emprendimiento sostenible, generaci\u00f3n de medios de vida sostenibles y resiliencia con enfoque de g\u00e9nero para 1.360 mujeres y j\u00f3venes afectados por la COVID-19 en barrios periurbanos de Guayaquil a trav\u00e9s del acceso a la educaci\u00f3n, el empleo y los emprendimientos&#8217;, que ha contado con el apoyo financiero del Ayuntamiento de Madrid.<\/p>\n","protected":false},"excerpt":{"rendered":"<p>MADRID, 4 (EUROPA PRESS) La Fundaci\u00f3n Comercio Para el Desarrollo (COPADE) ha contribuido a que m\u00e1s de 45.000 personas de pa\u00edses de Latinoam\u00e9rica, Espa\u00f1a y Francia se hayan beneficiado de sus acciones y proyectos orientados a la preservaci\u00f3n forestal y protecci\u00f3n de la econom\u00eda social y solidaria durante 2023. En el 25\u00ba aniversario de la [&hellip;]<\/p>\n","protected":false},"author":1,"featured_media":0,"comment_status":"closed","ping_status":"closed","sticky":false,"template":"","format":"standard","meta":{"footnotes":""},"categories":[],"tags":[],"class_list":["post-49031","post","type-post","status-publish","format-standard","hentry"],"_links":{"self":[{"href":"https:\/\/webciudadana.net\/index.php?rest_route=\/wp\/v2\/posts\/49031","targetHints":{"allow":["GET"]}}],"collection":[{"href":"https:\/\/webciudadana.net\/index.php?rest_route=\/wp\/v2\/posts"}],"about":[{"href":"https:\/\/webciudadana.net\/index.php?rest_route=\/wp\/v2\/types\/post"}],"author":[{"embeddable":true,"href":"https:\/\/webciudadana.net\/index.php?rest_route=\/wp\/v2\/users\/1"}],"replies":[{"embeddable":true,"href":"https:\/\/webciudadana.net\/index.php?rest_route=%2Fwp%2Fv2%2Fcomments&post=49031"}],"version-history":[{"count":0,"href":"https:\/\/webciudadana.net\/index.php?rest_route=\/wp\/v2\/posts\/49031\/revisions"}],"wp:attachment":[{"href":"https:\/\/webciudadana.net\/index.php?rest_route=%2Fwp%2Fv2%2Fmedia&parent=49031"}],"wp:term":[{"taxonomy":"category","embeddable":true,"href":"https:\/\/webciudadana.net\/index.php?rest_route=%2Fwp%2Fv2%2Fcategories&post=49031"},{"taxonomy":"post_tag","embeddable":true,"href":"https:\/\/webciudadana.net\/index.php?rest_route=%2Fwp%2Fv2%2Ftags&post=49031"}],"curies":[{"name":"wp","href":"https:\/\/api.w.org\/{rel}","templated":true}]}}