{"id":49033,"date":"2024-01-04T12:17:22","date_gmt":"2024-01-04T11:17:22","guid":{"rendered":"https:\/\/ticker-noticiasep.microcontenidos.com\/NoticiaRSS.vbhtml?user=XRNR562DLR&amp;cod=20240104121722"},"modified":"2024-01-04T12:17:22","modified_gmt":"2024-01-04T11:17:22","slug":"el-museo-del-automovil-y-la-moda-de-malaga-recauda-mas-de-500-juguetes","status":"publish","type":"post","link":"https:\/\/webciudadana.net\/?p=49033","title":{"rendered":"El Museo del Autom\u00f3vil y la Moda de M\u00e1laga recauda m\u00e1s de 500 juguetes"},"content":{"rendered":"\n<div><img decoding=\"async\" src=\"\/wp-content\/uploads\/sites\/2\/2024\/01\/el-museo-del-automovil-y-la-moda-de-malaga-recauda-mas-de-500-juguetes.jpg\" class=\"ff-og-image-inserted\"><\/div>\n<p> M\u00c1LAGA, 4 (EUROPA PRESS)<\/p>\n<p> El Museo del Autom\u00f3vil y la Moda de M\u00e1laga ha conseguido recaudar m\u00e1s de 500 juguetes en su sexta Gran Recogida. Todos los juguetes ir\u00e1n a parar a aquellas entidades pertenecientes a CaixaProinfancia, un programa que forma parte de la fundaci\u00f3n &#8216;la Caixa&#8217;.<\/p>\n<p> Sus Majestades los Reyes Magos de Oriente han querido hacer una primera parada en el Museo del Autom\u00f3vil y la Moda de M\u00e1laga para hacer entrega de todos los juguetes recaudados durante esta iniciativa solidaria que ya cumple su sexta edici\u00f3n.<\/p>\n<p> A dicha entrega han acudido la codirectora del Museo del Autom\u00f3vil y la Moda de M\u00e1laga, Mar Gonz\u00e1lez; el jefe de Distrito Municipal 7 Carretera de C\u00e1diz, Juan Carlos Giard\u00edn; el responsable territorial de Andaluc\u00eda, Ceuta y Melilla de la fundaci\u00f3n \u00abla Caixa\u00bb, Juan Carlos Barroso; y el delegado provincial de la fundaci\u00f3n \u00abla Caixa\u00bb, Manuel Calvo.<\/p>\n<p> El acto ha contado, adem\u00e1s, con la colaboraci\u00f3n de la pastoral &#8216;Mi Gente&#8217; y el pintacaras &#8216;Chispipuzzles&#8217; para amenizar el acto tanto a peque\u00f1os como a mayores.<\/p>\n<p> La codirectora del Museo del Autom\u00f3vil y la Moda de M\u00e1laga, Mar Gonz\u00e1lez, ha asegurado que \u00absupone una satisfacci\u00f3n poder ayudar a entidades como fundaci\u00f3n \u00abla Caixa\u00bb a que sus ni\u00f1os y ni\u00f1as puedan disfrutar de una Navidad como se merecen, con ilusi\u00f3n y alegr\u00eda. \u00danicamente podemos dar las gracias, un a\u00f1o m\u00e1s, a todos los malague\u00f1os y malague\u00f1as que han aportado su grano de arena a esta iniciativa que ya se ha convertido en una cita ineludible en la agenda de Navidad en M\u00e1laga\u00bb.<\/p>\n<p> Melchor, Gaspar y Baltasar han llegado a la plaza de Tabacalera a bordo de tres modelos de la colecci\u00f3n del MAM, concretamente dos Cadillac y un Jaguar. Tras recorrer la plaza saludando a todos los ni\u00f1os y ni\u00f1as presentes, los Reyes Magos de Oriente han recogido todas las cartas y escuchado los deseos de los m\u00e1s peque\u00f1os.<\/p>\n","protected":false},"excerpt":{"rendered":"<p>M\u00c1LAGA, 4 (EUROPA PRESS) El Museo del Autom\u00f3vil y la Moda de M\u00e1laga ha conseguido recaudar m\u00e1s de 500 juguetes en su sexta Gran Recogida. Todos los juguetes ir\u00e1n a parar a aquellas entidades pertenecientes a CaixaProinfancia, un programa que forma parte de la fundaci\u00f3n &#8216;la Caixa&#8217;. Sus Majestades los Reyes Magos de Oriente han [&hellip;]<\/p>\n","protected":false},"author":1,"featured_media":0,"comment_status":"closed","ping_status":"closed","sticky":false,"template":"","format":"standard","meta":{"footnotes":""},"categories":[],"tags":[],"class_list":["post-49033","post","type-post","status-publish","format-standard","hentry"],"_links":{"self":[{"href":"https:\/\/webciudadana.net\/index.php?rest_route=\/wp\/v2\/posts\/49033","targetHints":{"allow":["GET"]}}],"collection":[{"href":"https:\/\/webciudadana.net\/index.php?rest_route=\/wp\/v2\/posts"}],"about":[{"href":"https:\/\/webciudadana.net\/index.php?rest_route=\/wp\/v2\/types\/post"}],"author":[{"embeddable":true,"href":"https:\/\/webciudadana.net\/index.php?rest_route=\/wp\/v2\/users\/1"}],"replies":[{"embeddable":true,"href":"https:\/\/webciudadana.net\/index.php?rest_route=%2Fwp%2Fv2%2Fcomments&post=49033"}],"version-history":[{"count":0,"href":"https:\/\/webciudadana.net\/index.php?rest_route=\/wp\/v2\/posts\/49033\/revisions"}],"wp:attachment":[{"href":"https:\/\/webciudadana.net\/index.php?rest_route=%2Fwp%2Fv2%2Fmedia&parent=49033"}],"wp:term":[{"taxonomy":"category","embeddable":true,"href":"https:\/\/webciudadana.net\/index.php?rest_route=%2Fwp%2Fv2%2Fcategories&post=49033"},{"taxonomy":"post_tag","embeddable":true,"href":"https:\/\/webciudadana.net\/index.php?rest_route=%2Fwp%2Fv2%2Ftags&post=49033"}],"curies":[{"name":"wp","href":"https:\/\/api.w.org\/{rel}","templated":true}]}}