{"id":49037,"date":"2024-01-04T15:01:03","date_gmt":"2024-01-04T14:01:03","guid":{"rendered":"https:\/\/ticker-noticiasep.microcontenidos.com\/NoticiaRSS.vbhtml?user=XRNR562DLR&amp;cod=20240104150103"},"modified":"2024-01-04T15:01:03","modified_gmt":"2024-01-04T14:01:03","slug":"mundo-lilysilk-celebra-sus-dos-anos-de-colaboracion-con-terracycle-para-fomentar-el-consumo-sostenible","status":"publish","type":"post","link":"https:\/\/webciudadana.net\/?p=49037","title":{"rendered":"Mundo: LILYSILK celebra sus dos a\u00f1os de colaboraci\u00f3n con TerraCycle\u00ae para fomentar el consumo sostenible"},"content":{"rendered":"\n<div><img decoding=\"async\" src=\"\/wp-content\/uploads\/sites\/2\/2024\/01\/mundo-lilysilk-celebra-sus-dos-anos-de-colaboracion-con-terracycle-para-fomentar-el-consumo-sostenible.jpg\" class=\"ff-og-image-inserted\"><\/div>\n<p>(Informaci\u00f3n remitida por la empresa firmante)<\/p>\n<p>\nNUEVA YORK, 4 de enero de 2024\/PRNewswire\/ &#8212; LILYSILK, la marca de seda l\u00edder en el mundo con la misi\u00f3n de inspirar a la gente a vivir vidas espectaculares y sostenibles, se enorgullece de conmemorar sus dos a\u00f1os de asociaci\u00f3n con TerraCycle\u00ae, l\u00edder en soluciones innovadoras de sostenibilidad.<\/p>\n<p> Desde el inicio de esta colaboraci\u00f3n, LILYSILK y sus clientes han dado pasos significativos en los esfuerzos de reciclaje, reutilizando colectivamente m\u00e1s de 1.493 art\u00edculos, con un total de 878,3 libras de peso.<\/p>\n<p> Estos productos de seda reciclada han encontrado una nueva vida como materias primas y rellenos para productos como colchones, ropa de cama para mascotas y equipamiento deportivo. Este notable esfuerzo de reciclaje ha puesto de manifiesto el esfuerzo colectivo por reducir los residuos y disminuir eficazmente la huella medioambiental de los art\u00edculos de seda desechados.<\/p>\n<p> Dos clientes de LILYSILK que participaron activamente en la iniciativa de reciclaje compartieron sus opiniones. Denise, una de las participantes, expres\u00f3 su satisfacci\u00f3n por participar en la iniciativa: \u00abExiste esta fant\u00e1stica oportunidad de coger realmente este tejido y renovarlo\u00bb. Aida, otra clienta de LILYSILK, comparti\u00f3 su gratificante experiencia de reciclaje, afirmando: \u00abSaber que mi vieja seda estaba siendo reciclada de forma sostenible me dio un sentido de responsabilidad y orgullo\u00bb.<\/p>\n<p> LILYSILK y TerraCycle\u00ae conf\u00edan en que su asociaci\u00f3n siga impulsando el progreso hacia un futuro sin residuos. Al ampliar su dedicaci\u00f3n a la sostenibilidad, su objetivo es inspirar a m\u00e1s marcas y consumidores a unirse al movimiento hacia el consumo responsable.<\/p>\n<p> \u00abNuestra asociaci\u00f3n con TerraCycle\u00ae ha sido un paso importante para que nuestra marca sea m\u00e1s responsable con el medio ambiente\u00bb, explic\u00f3 David Wang, consejero delegado de LILYSILK. \u00abEstamos orgullosos de lo que hemos conseguido juntos en los dos \u00faltimos a\u00f1os y nos comprometemos a seguir trabajando por la sostenibilidad\u00bb.<\/p>\n<p> \u00abDurante los dos \u00faltimos a\u00f1os, el Programa de Reciclaje Gratuito de LILYSILK ha ofrecido a las personas con mentalidad ecol\u00f3gica una opci\u00f3n sostenible y responsable para los art\u00edculos que han llegado al final de su vida \u00fatil, y no hemos hecho m\u00e1s que empezar\u00bb, coment\u00f3 Tom Szaky, consejero delegado y fundador de TerraCycle\u00ae. Junto con LILYSILK, esperamos ayudar a m\u00e1s consumidores a mitigar su huella de carbono y cuidar del planeta en el nuevo a\u00f1o\u00bb.<\/p>\n<p> Para conmemorar dos a\u00f1os de impactante colaboraci\u00f3n, LILYSILK y TerraCycle\u00ae invitan a personas de todos los \u00e1mbitos a unirse a sus esfuerzos de reciclaje. Los participantes interesados pueden participar directamente en la iniciativa de reciclaje visitando la p\u00e1gina exclusiva de la colaboraci\u00f3n de reciclaje, la p\u00e1gina web de LILYSILK, o la p\u00e1gina web de TerraCycle\u00ae y contribuir a construir un futuro m\u00e1s sostenible.<\/p>\n<p> Foto &#8211; https:\/\/mma.prnewswire.com\/media\/2310094\/LILYSILK_Celebrates_Two_Year_Partnership_TerraCycle.jpg<\/p>\n<p> View original content:https:\/\/www.prnewswire.com\/news-releases\/lilysilk-celebra-sus-dos-anos-de-colaboracion-con-terracycle-para-fomentar-el-consumo-sostenible-302025269.html<\/p>\n","protected":false},"excerpt":{"rendered":"<p>(Informaci\u00f3n remitida por la empresa firmante) NUEVA YORK, 4 de enero de 2024\/PRNewswire\/ &#8212; LILYSILK, la marca de seda l\u00edder en el mundo con la misi\u00f3n de inspirar a la gente a vivir vidas espectaculares y sostenibles, se enorgullece de conmemorar sus dos a\u00f1os de asociaci\u00f3n con TerraCycle\u00ae, l\u00edder en soluciones innovadoras de sostenibilidad. Desde [&hellip;]<\/p>\n","protected":false},"author":1,"featured_media":0,"comment_status":"closed","ping_status":"closed","sticky":false,"template":"","format":"standard","meta":{"footnotes":""},"categories":[],"tags":[],"class_list":["post-49037","post","type-post","status-publish","format-standard","hentry"],"_links":{"self":[{"href":"https:\/\/webciudadana.net\/index.php?rest_route=\/wp\/v2\/posts\/49037","targetHints":{"allow":["GET"]}}],"collection":[{"href":"https:\/\/webciudadana.net\/index.php?rest_route=\/wp\/v2\/posts"}],"about":[{"href":"https:\/\/webciudadana.net\/index.php?rest_route=\/wp\/v2\/types\/post"}],"author":[{"embeddable":true,"href":"https:\/\/webciudadana.net\/index.php?rest_route=\/wp\/v2\/users\/1"}],"replies":[{"embeddable":true,"href":"https:\/\/webciudadana.net\/index.php?rest_route=%2Fwp%2Fv2%2Fcomments&post=49037"}],"version-history":[{"count":0,"href":"https:\/\/webciudadana.net\/index.php?rest_route=\/wp\/v2\/posts\/49037\/revisions"}],"wp:attachment":[{"href":"https:\/\/webciudadana.net\/index.php?rest_route=%2Fwp%2Fv2%2Fmedia&parent=49037"}],"wp:term":[{"taxonomy":"category","embeddable":true,"href":"https:\/\/webciudadana.net\/index.php?rest_route=%2Fwp%2Fv2%2Fcategories&post=49037"},{"taxonomy":"post_tag","embeddable":true,"href":"https:\/\/webciudadana.net\/index.php?rest_route=%2Fwp%2Fv2%2Ftags&post=49037"}],"curies":[{"name":"wp","href":"https:\/\/api.w.org\/{rel}","templated":true}]}}