{"id":49038,"date":"2024-01-04T15:15:54","date_gmt":"2024-01-04T14:15:54","guid":{"rendered":"https:\/\/ticker-noticiasep.microcontenidos.com\/NoticiaRSS.vbhtml?user=XRNR562DLR&amp;cod=20240104151554"},"modified":"2024-01-04T15:15:54","modified_gmt":"2024-01-04T14:15:54","slug":"la-fundacion-sm-dona-mas-de-60-000-libros-a-jovenes-vulnerables-con-la-campana-solidaria-paginas-para-sonar","status":"publish","type":"post","link":"https:\/\/webciudadana.net\/?p=49038","title":{"rendered":"La Fundaci\u00f3n SM dona m\u00e1s de 60.000 libros a j\u00f3venes vulnerables con la campa\u00f1a solidaria &#8216;P\u00e1ginas para So\u00f1ar&#8217;"},"content":{"rendered":"\n<div><img decoding=\"async\" src=\"\/wp-content\/uploads\/sites\/2\/2024\/01\/la-fundacion-sm-dona-mas-de-60-000-libros-a-jovenes-vulnerables-con-la-campana-solidaria-paginas-para-sonar.jpg\" class=\"ff-og-image-inserted\"><\/div>\n<p> MADRID, 4 (EUROPA PRESS)<\/p>\n<p> La Fundaci\u00f3n SM ha donado en 2023 m\u00e1s de 60.000 libros de literatura infantil y juvenil del sello editorial SM a varios pa\u00edses de Iberoam\u00e9rica en el marco de la campa\u00f1a &#8216;P\u00e1ginas para So\u00f1ar&#8217;, cuyo objetivo es que los ni\u00f1os y j\u00f3venes de entornos vulnerables disfruten con lecturas que fomenten su imaginaci\u00f3n y creatividad.<\/p>\n<p> La compa\u00f1\u00eda ha donado 36.000 libros a proyectos de menores en toda Espa\u00f1a a trav\u00e9s de organizaciones de protecci\u00f3n de la infancia, y cerca de 30.000 a pa\u00edses como Brasil, Chile, El Salvador, Guinea Ecuatorial, Honduras, M\u00e9xico, Puerto Rico o Rep\u00fablica Dominicana, entre otros.<\/p>\n<p> La directora de la Fundaci\u00f3n SM, Mayte Ortiz, ha afirmado que con este programa social se pretende \u00abacercar experiencias lectoras motivadoras que sean las semillas que hagan crecer en cada uno de ellos su amor por la lectura en los lugares donde m\u00e1s necesidades se tienen\u00bb.<\/p>\n<p> Desde que esta iniciativa iniciara su andadura en 2019 han sido cerca de 300.000 los libros donados. Este a\u00f1o las donaciones se destinan a centros de acogida a refugiados, hogares de acogida de menores, proyectos de atenci\u00f3n y protecci\u00f3n a la infancia y la adolescencia, asociaciones de padres de ni\u00f1os con c\u00e1ncer, centros rurales agrupados y proyectos de cooperaci\u00f3n internacional.<\/p>\n<p> Para desarrollar este proyecto, la Fundaci\u00f3n SM cuenta con la colaboraci\u00f3n de distintas entidades de protecci\u00f3n de la infancia y promoci\u00f3n de la cultura, como Fundaci\u00f3n Mensajeros de la Paz, Fundaci\u00f3n Secretariado Gitano, Federaci\u00f3n Espa\u00f1ola de ni\u00f1os con C\u00e1ncer, Cruz Roja Espa\u00f1ola y Fundaci\u00f3n Amig\u00f3, entre otras.<\/p>\n","protected":false},"excerpt":{"rendered":"<p>MADRID, 4 (EUROPA PRESS) La Fundaci\u00f3n SM ha donado en 2023 m\u00e1s de 60.000 libros de literatura infantil y juvenil del sello editorial SM a varios pa\u00edses de Iberoam\u00e9rica en el marco de la campa\u00f1a &#8216;P\u00e1ginas para So\u00f1ar&#8217;, cuyo objetivo es que los ni\u00f1os y j\u00f3venes de entornos vulnerables disfruten con lecturas que fomenten su [&hellip;]<\/p>\n","protected":false},"author":1,"featured_media":0,"comment_status":"closed","ping_status":"closed","sticky":false,"template":"","format":"standard","meta":{"footnotes":""},"categories":[],"tags":[],"class_list":["post-49038","post","type-post","status-publish","format-standard","hentry"],"_links":{"self":[{"href":"https:\/\/webciudadana.net\/index.php?rest_route=\/wp\/v2\/posts\/49038","targetHints":{"allow":["GET"]}}],"collection":[{"href":"https:\/\/webciudadana.net\/index.php?rest_route=\/wp\/v2\/posts"}],"about":[{"href":"https:\/\/webciudadana.net\/index.php?rest_route=\/wp\/v2\/types\/post"}],"author":[{"embeddable":true,"href":"https:\/\/webciudadana.net\/index.php?rest_route=\/wp\/v2\/users\/1"}],"replies":[{"embeddable":true,"href":"https:\/\/webciudadana.net\/index.php?rest_route=%2Fwp%2Fv2%2Fcomments&post=49038"}],"version-history":[{"count":0,"href":"https:\/\/webciudadana.net\/index.php?rest_route=\/wp\/v2\/posts\/49038\/revisions"}],"wp:attachment":[{"href":"https:\/\/webciudadana.net\/index.php?rest_route=%2Fwp%2Fv2%2Fmedia&parent=49038"}],"wp:term":[{"taxonomy":"category","embeddable":true,"href":"https:\/\/webciudadana.net\/index.php?rest_route=%2Fwp%2Fv2%2Fcategories&post=49038"},{"taxonomy":"post_tag","embeddable":true,"href":"https:\/\/webciudadana.net\/index.php?rest_route=%2Fwp%2Fv2%2Ftags&post=49038"}],"curies":[{"name":"wp","href":"https:\/\/api.w.org\/{rel}","templated":true}]}}