{"id":49044,"date":"2024-01-04T17:00:48","date_gmt":"2024-01-04T16:00:48","guid":{"rendered":"https:\/\/ticker-noticiasep.microcontenidos.com\/NoticiaRSS.vbhtml?user=XRNR562DLR&amp;cod=20240104170048"},"modified":"2024-01-04T17:00:48","modified_gmt":"2024-01-04T16:00:48","slug":"endesa-y-apadrinaunolivo-org-recuperan-mas-de-2-100-olivos-en-2023-en-la-peninsula-iberica","status":"publish","type":"post","link":"https:\/\/webciudadana.net\/?p=49044","title":{"rendered":"Endesa y Apadrinaunolivo.org recuperan m\u00e1s de 2.100 olivos en 2023 en la Pen\u00ednsula Ib\u00e9rica"},"content":{"rendered":"\n<div><img decoding=\"async\" src=\"\/wp-content\/uploads\/sites\/2\/2024\/01\/endesa-y-apadrinaunolivo-org-recuperan-mas-de-2-100-olivos-en-2023-en-la-peninsula-iberica.jpg\" class=\"ff-og-image-inserted\"><\/div>\n<p> MADRID, 4 (EUROPA PRESS)<\/p>\n<p> Endesa y Apadrinaunolivo.org se han unido en un proyecto que, en 2023, ha conseguido recuperar 2.174 olivos entre las inmediaciones de la central t\u00e9rmica de Andorra, en Teruel (1.000), y Portugal, cerca de la central t\u00e9rmica de Pego (1.074), donde se encuentra el olivo m\u00e1s antiguo de la Pen\u00ednsula Ib\u00e9rica. Adem\u00e1s, se han adherido a la iniciativa cerca de 1.100 padrinos y madrinas para estos \u00e1rboles.<\/p>\n<p> Este plan socioecon\u00f3mico liderado por Endesa, al adjudicarse los dos \u00fanicos concursos de Transici\u00f3n Justa que hasta ahora se han celebrado en la Pen\u00ednsula, han supuesto la creaci\u00f3n de empleo en ambas zonas, seg\u00fan un comunicado de la compa\u00f1\u00eda.<\/p>\n<p> As\u00ed, en Andorra, en la provincia de Teruel, Apadrinaunolivo ha contratado a 25 personas que estar\u00e1n encargadas de la recuperaci\u00f3n de los olivos, con el objetivo, hasta 2028, de contratar a m\u00e1s de 250 personas con diferente grado de temporalidad. Mientras en Pego, en la regi\u00f3n de Abrantes, son 3 personas las que llevar\u00e1n a cabo este trabajo aunque el objetivo es crear hasta 27 puestos con diferente grado de temporalidad.<\/p>\n<p> \u00abDespu\u00e9s de mi etapa en la central de Pego, el proyecto de Apadrina un olivo me permite aprender y volver a conectar con la tierra y lo que nos rodea\u00bb, explica uno de los trabajadores en Portugal, Joao Rijo.<\/p>\n<p> El objetivo de la colaboraci\u00f3n entre Endesa y Apadrinaunolivo es la recuperaci\u00f3n de 70.000 olivos abandonados en la Pen\u00ednsula Ib\u00e9rica, sobre todo en la zona de Andorra, ubicados en las Cuencas Mineras.<\/p>\n","protected":false},"excerpt":{"rendered":"<p>MADRID, 4 (EUROPA PRESS) Endesa y Apadrinaunolivo.org se han unido en un proyecto que, en 2023, ha conseguido recuperar 2.174 olivos entre las inmediaciones de la central t\u00e9rmica de Andorra, en Teruel (1.000), y Portugal, cerca de la central t\u00e9rmica de Pego (1.074), donde se encuentra el olivo m\u00e1s antiguo de la Pen\u00ednsula Ib\u00e9rica. Adem\u00e1s, [&hellip;]<\/p>\n","protected":false},"author":1,"featured_media":0,"comment_status":"closed","ping_status":"closed","sticky":false,"template":"","format":"standard","meta":{"footnotes":""},"categories":[],"tags":[],"class_list":["post-49044","post","type-post","status-publish","format-standard","hentry"],"_links":{"self":[{"href":"https:\/\/webciudadana.net\/index.php?rest_route=\/wp\/v2\/posts\/49044","targetHints":{"allow":["GET"]}}],"collection":[{"href":"https:\/\/webciudadana.net\/index.php?rest_route=\/wp\/v2\/posts"}],"about":[{"href":"https:\/\/webciudadana.net\/index.php?rest_route=\/wp\/v2\/types\/post"}],"author":[{"embeddable":true,"href":"https:\/\/webciudadana.net\/index.php?rest_route=\/wp\/v2\/users\/1"}],"replies":[{"embeddable":true,"href":"https:\/\/webciudadana.net\/index.php?rest_route=%2Fwp%2Fv2%2Fcomments&post=49044"}],"version-history":[{"count":0,"href":"https:\/\/webciudadana.net\/index.php?rest_route=\/wp\/v2\/posts\/49044\/revisions"}],"wp:attachment":[{"href":"https:\/\/webciudadana.net\/index.php?rest_route=%2Fwp%2Fv2%2Fmedia&parent=49044"}],"wp:term":[{"taxonomy":"category","embeddable":true,"href":"https:\/\/webciudadana.net\/index.php?rest_route=%2Fwp%2Fv2%2Fcategories&post=49044"},{"taxonomy":"post_tag","embeddable":true,"href":"https:\/\/webciudadana.net\/index.php?rest_route=%2Fwp%2Fv2%2Ftags&post=49044"}],"curies":[{"name":"wp","href":"https:\/\/api.w.org\/{rel}","templated":true}]}}