{"id":49066,"date":"2024-01-05T15:11:33","date_gmt":"2024-01-05T14:11:33","guid":{"rendered":"https:\/\/ticker-noticiasep.microcontenidos.com\/NoticiaRSS.vbhtml?user=XRNR562DLR&amp;cod=20240105151133"},"modified":"2024-01-05T15:11:33","modified_gmt":"2024-01-05T14:11:33","slug":"endesa-colabora-con-27-institutos-de-fp-dual-para-impulsar-el-empleo-en-el-sector-de-las-redes-electricas","status":"publish","type":"post","link":"https:\/\/webciudadana.net\/?p=49066","title":{"rendered":"Endesa colabora con 27 institutos de FP Dual para impulsar el empleo en el sector de las redes el\u00e9ctricas"},"content":{"rendered":"\n<div><img decoding=\"async\" src=\"\/wp-content\/uploads\/sites\/2\/2024\/01\/endesa-colabora-con-27-institutos-de-fp-dual-para-impulsar-el-empleo-en-el-sector-de-las-redes-electricas.jpg\" class=\"ff-og-image-inserted\"><\/div>\n<p> MADRID, 5 (EUROPA PRESS)<\/p>\n<p> Endesa da la oportunidad a un total de 231 alumnos de 27 institutos de Formaci\u00f3n Profesional Dual, por segundo a\u00f1o consecutivo, de experimentar en primera persona el d\u00eda a d\u00eda del trabajo de campo que realiza e-distribuci\u00f3n, la filial de redes de Endesa, para garantizar el suministro el\u00e9ctrico a 12,5 millones de clientes.<\/p>\n<p> En un comunicado, la energ\u00e9tica destac\u00f3 que este curso permite acercar las aulas a la empresa, al combinar la formaci\u00f3n te\u00f3rica con las pr\u00e1cticas, \u00ababriendo el camino a los alumnos para desarrollar una carrera profesional en el sector de la distribuci\u00f3n el\u00e9ctrica\u00bb.<\/p>\n<p> Las redes de distribuci\u00f3n es una de las columnas vertebrales del proceso de transici\u00f3n energ\u00e9tica y se prev\u00e9 un crecimiento importante para los pr\u00f3ximos a\u00f1os que har\u00e1 que se necesiten profesionales formados para protagonizar esta transformaci\u00f3n.<\/p>\n<p> En concreto, en este curso participan centros educativos de 23 ciudades localizadas en las seis comunidades aut\u00f3nomas en las que e-distribuci\u00f3n opera como compa\u00f1\u00eda distribuidora de electricidad (Arag\u00f3n, Andaluc\u00eda, Baleares, Canarias, Extremadura y Catalu\u00f1a).<\/p>\n<p> La colaboraci\u00f3n de Endesa y sus empresas contratistas se centra en enriquecer la formaci\u00f3n de los alumnos, especialmente en todo lo relacionado con la seguridad, con el objetivo de mejorar su empleabilidad.<\/p>\n<p> De hecho, m\u00e1s de la mitad de los alumnos que acabaron la formaci\u00f3n en la primera edici\u00f3n, que ha concluido ya en Arag\u00f3n, fueron contratados por las empresas colaboradoras de Endesa participantes en el proyecto.<\/p>\n<p> En total, los alumnos cuentan con m\u00e1s de 1.000 horas de pr\u00e1cticas en campo que les permiten familiarizarse con la infraestructura y el trabajo que hay detr\u00e1s para que la luz llegue a hogares y negocios.<\/p>\n<p> El responsable de Compras de la divisi\u00f3n de Redes de Endesa, Josep Mar\u00eda Sayols, consider\u00f3 que esta oportunidad representa para los alumnos \u00abun fant\u00e1stico trampol\u00edn para dar el salto al mercado laboral\u00bb, mientras que para la el\u00e9ctrica supone \u00abuna gran oportunidad de acercar la formaci\u00f3n a las necesidades de las empresas, mejorar la empleabilidad de la poblaci\u00f3n en las zonas en las que trabajamos y acercar el sector de redes el\u00e9ctricas a los j\u00f3venes, especialmente a las mujeres, que siguen siendo minor\u00eda en esta \u00e1rea\u00bb.<\/p>\n","protected":false},"excerpt":{"rendered":"<p>MADRID, 5 (EUROPA PRESS) Endesa da la oportunidad a un total de 231 alumnos de 27 institutos de Formaci\u00f3n Profesional Dual, por segundo a\u00f1o consecutivo, de experimentar en primera persona el d\u00eda a d\u00eda del trabajo de campo que realiza e-distribuci\u00f3n, la filial de redes de Endesa, para garantizar el suministro el\u00e9ctrico a 12,5 millones [&hellip;]<\/p>\n","protected":false},"author":1,"featured_media":0,"comment_status":"closed","ping_status":"closed","sticky":false,"template":"","format":"standard","meta":{"footnotes":""},"categories":[],"tags":[],"class_list":["post-49066","post","type-post","status-publish","format-standard","hentry"],"_links":{"self":[{"href":"https:\/\/webciudadana.net\/index.php?rest_route=\/wp\/v2\/posts\/49066","targetHints":{"allow":["GET"]}}],"collection":[{"href":"https:\/\/webciudadana.net\/index.php?rest_route=\/wp\/v2\/posts"}],"about":[{"href":"https:\/\/webciudadana.net\/index.php?rest_route=\/wp\/v2\/types\/post"}],"author":[{"embeddable":true,"href":"https:\/\/webciudadana.net\/index.php?rest_route=\/wp\/v2\/users\/1"}],"replies":[{"embeddable":true,"href":"https:\/\/webciudadana.net\/index.php?rest_route=%2Fwp%2Fv2%2Fcomments&post=49066"}],"version-history":[{"count":0,"href":"https:\/\/webciudadana.net\/index.php?rest_route=\/wp\/v2\/posts\/49066\/revisions"}],"wp:attachment":[{"href":"https:\/\/webciudadana.net\/index.php?rest_route=%2Fwp%2Fv2%2Fmedia&parent=49066"}],"wp:term":[{"taxonomy":"category","embeddable":true,"href":"https:\/\/webciudadana.net\/index.php?rest_route=%2Fwp%2Fv2%2Fcategories&post=49066"},{"taxonomy":"post_tag","embeddable":true,"href":"https:\/\/webciudadana.net\/index.php?rest_route=%2Fwp%2Fv2%2Ftags&post=49066"}],"curies":[{"name":"wp","href":"https:\/\/api.w.org\/{rel}","templated":true}]}}