{"id":49068,"date":"2024-01-05T15:23:34","date_gmt":"2024-01-05T14:23:34","guid":{"rendered":"https:\/\/ticker-noticiasep.microcontenidos.com\/NoticiaRSS.vbhtml?user=XRNR562DLR&amp;cod=20240105152334"},"modified":"2024-01-05T15:23:34","modified_gmt":"2024-01-05T14:23:34","slug":"la-ultima-clandestina-secta-gastronomica-de-elite-revela-su-primer-encuentro-culinario","status":"publish","type":"post","link":"https:\/\/webciudadana.net\/?p=49068","title":{"rendered":"La \u00daltima Clandestina. Secta gastron\u00f3mica de \u00e9lite revela su primer encuentro culinario"},"content":{"rendered":"\n<div><img decoding=\"async\" src=\"\/wp-content\/uploads\/sites\/2\/2024\/01\/la-ultima-clandestina-secta-gastronomica-de-elite-revela-su-primer-encuentro-culinario.jpg\" class=\"ff-og-image-inserted\"><\/div>\n<p>(Informaci\u00f3n remitida por la empresa firmante)<\/p>\n<p>\nGranada, 5 de enero de 2024.- En una sinfon\u00eda de lujo inmersivo y exclusividad, La \u00daltima Clandestina emerge como un movimiento culinario de \u00e9lite, una secta gastron\u00f3mica cuya misi\u00f3n trasciende el acto de comer y se erige como un hito de la alta gastronom\u00eda.<\/p>\n<p> Con un men\u00fa de 10 pases de exquisiteces, esta experiencia invita a sus comensales a un ritual donde el detalle y el misterio convergen en un banquete para los sentidos.<\/p>\n<p> En el n\u00facleo de La \u00daltima Clandestina se encuentra un prop\u00f3sito claro: transformar la experiencia gastron\u00f3mica en un fen\u00f3meno integral y envolvente, mediante una iniciativa que debuta en el 15\u00ba aniversario de Zarcillo Restaurante y busca rescatar el arte culinario de la trivializaci\u00f3n y la cr\u00edtica, elev\u00e1ndolo a una dimensi\u00f3n de respeto y apreciaci\u00f3n.<\/p>\n<p> \u00c1lvaro Garc\u00eda: l\u00edder de la secta gastron\u00f3mica<\/p>\n<p>\nTodo movimiento cuenta con un l\u00edder, y la secta del buen gusto no es excepci\u00f3n. \u00c1lvaro Garc\u00eda, Chef de la Quisquilla y consultor gastron\u00f3mico, aporta su visi\u00f3n estrat\u00e9gica, cultura del detalle y experiencia en la alta cocina, siendo la mente tras el concepto y la filosof\u00eda del evento. Su liderazgo y creatividad son esenciales para convertir cada cena en una vivencia que redefine los l\u00edmites de la gastronom\u00eda y posiciona este nuevo movimiento como un activo de gran valor en el panorama culinario mundial.<\/p>\n<p> El ritual: un camino hacia la revelaci\u00f3n gastron\u00f3mica<\/p>\n<p>\nEste evento anual, celebrado cada vez en una ciudad distinta, selecciona a sus comensales con dos \u00fanicas opciones de acceso: recibir la invitaci\u00f3n personal e intransferible que la organizaci\u00f3n env\u00eda por WhatsApp o como acompa\u00f1ante de alguno de los invitados.<\/p>\n<p> Durante dos meses, los elegidos reciben pistas sutiles que construyen la anticipaci\u00f3n, sin revelar el lugar del encuentro ni los detalles del men\u00fa.<\/p>\n<p> El d\u00eda se\u00f1alado, los asistentes son recogidos en puntos preestablecidos en furgonetas negras con cristales tintados, y se les hace entrega de la indumentaria, consistente en una capa negra con capucha y una m\u00e1scara blanca, logrando el anonimato total. Al llegar al lugar del evento, unos gu\u00edas los dirigen en silencio. Cada uno recibe el n\u00famero que determinar\u00e1 su asiento en la cena.<\/p>\n<p> En un hall, se requisan los tel\u00e9fonos m\u00f3viles, deposit\u00e1ndolos en cajas numeradas. Este acto simboliza la desconexi\u00f3n del exterior y la inmersi\u00f3n total en la experiencia.<\/p>\n<p> El mensaje del evento, proyectado en un impactante v\u00eddeo introductorio, plantea una reflexi\u00f3n sobre la sociedad actual, consumida por la gula y la cr\u00edtica constante, e invita a los asistentes a valorar el esfuerzo y la creatividad en la cocina.<\/p>\n<p> Tras esto, un tel\u00f3n se levanta, revelando una impresionante mesa presidencial, adornada con l\u00e1mparas venecianas, hortensias imperiales, vajillas de porcelana de Limoges, cuberter\u00eda de dise\u00f1o y cristaler\u00eda de Riedel.<\/p>\n<p> En un giro inesperado, los gourmets descubren que no se sientan junto a sus acompa\u00f1antes. Los n\u00fameros asignados gu\u00edan a cada uno a su asiento, fomentando encuentros y di\u00e1logos con otros miembros de la secta seleccionados para coincidir con perfiles afines. Esta distribuci\u00f3n es un elemento clave del ritual, dise\u00f1ado para romper barreras sociales y fomentar una experiencia compartida, pero profundamente individualista.<\/p>\n<p> Espacios singulares convertidos en templos culinarios<\/p>\n<p>\nParte del alma de La \u00daltima Clandestina reside en la habilidad de transformar espacios \u00fanicos en templos culinarios. Cada ubicaci\u00f3n seleccionada para los eventos encapsula una atm\u00f3sfera \u00fanica, cargada de historia, arte y misticismo, en l\u00ednea con la filosof\u00eda de ofrecer una experiencia que trasciende lo convencional. Desde una galer\u00eda de arte a un faro solitario, un castillo ancestral o una antigua f\u00e1brica, cada espacio es elegido por su capacidad de evocar sensaciones profundas y ser el tel\u00f3n de fondo que intensifica la experiencia gastron\u00f3mica.<\/p>\n<p> Como ejemplo, la primera \u00daltima Clandestina se celebr\u00f3 en una galer\u00eda de arte contempor\u00e1neo en Motril, con litograf\u00edas de grandes maestros como Mir\u00f3, Picasso y Jaume Plensa, entre otros, creando un entorno donde el arte visual y la alta cocina dialogaban en armon\u00eda.<\/p>\n<p> El men\u00fa de diez pases, oda al sabor y la creatividad<\/p>\n<p>\nLa cena fue una oda a la cultura del detalle y la creatividad. Cada plato del men\u00fa de diez pases, formulado por \u00c1lvaro Garc\u00eda, maestro de ceremonias, y Antonio Lorenzo, chef invitado recomendado por Michelin, era una obra maestra en s\u00ed misma.<\/p>\n<p> Iniciando con un aperitivo de quisquilla de Motril en consom\u00e9 con apariencia de t\u00e9, el men\u00fa llev\u00f3 a los comensales a trav\u00e9s de un viaje sensorial con platos como la ostra realzada con manzana \u00e1cida y escarcha de agua de pepino, y una envoltura m\u00e1gica de codillo y anguila.<\/p>\n<p> La merluza sutilmente atemperada, coronada con caviar de Riofr\u00edo, y la vaca con alcachofa al carb\u00f3n eran solo algunas de las delicias presentadas en una cuidada y teatral atm\u00f3sfera de lujo.*<\/p>\n<p>\nLos postres, verduras dulces y una delicada crema de casta\u00f1as con helado de vainilla, cerraron una velada que brind\u00f3 a los comensales una extra\u00f1a sensaci\u00f3n de placer y asombro, pues m\u00e1s que una demostraci\u00f3n de t\u00e9cnica y sabor, La \u00daltima Clandestina es un testimonio del compromiso de Garc\u00eda con la innovaci\u00f3n y la excelencia en la alta cocina.*<\/p>\n<p>\nTestimonios: las voces de los comensales<\/p>\n<p>\nLos testimonios de los asistentes revelan emociones y percepciones intensas mezcladas. Muchos describieron una sensaci\u00f3n de abandono controlado, un desasosiego transformado en intrigante aventura. La incertidumbre dio paso a la sensaci\u00f3n de estar inmersos en una pel\u00edcula misteriosa, con figuras an\u00f3nimas vestidas de forma inquietante.*<\/p>\n<p> \u00abSent\u00ed como si estuviera en una procesi\u00f3n, un ritual mas\u00f3nico o una escena de la pel\u00edcula Eyes Wide Shut. Hab\u00eda un aire m\u00edstico que nos envolv\u00eda\u00bb, comparti\u00f3 una asistente. Otros expresaron su sorpresa al ser separados de sus tel\u00e9fonos y acompa\u00f1antes, un giro que, aunque desconcertante, fue una fuente de placer absoluto al sumergirse en la experiencia culinaria.<\/p>\n<p> \u00abLa comida, el aroma de las flores, cada sorbo de champagne&#8230; fue un deleite sensorial. Y descubrir que las personas a mi lado eran tan compatibles con mis intereses fue la guinda del pastel\u00bb, coment\u00f3 otro invitado.<\/p>\n<p> Tras los postres, muchos asistentes hab\u00edan cambiado de perspectiva, captando el mensaje del evento: una invitaci\u00f3n a valorar el arte y el esfuerzo detr\u00e1s de la gastronom\u00eda.*<\/p>\n<p>\nFuturas ediciones: eventos para una \u00e9lite selecta<\/p>\n<p>\nLa \u00daltima Clandestina se establece como una cita anual, cada edici\u00f3n celebrada en una ciudad diferente, reservada para la \u00e9lite por su naturaleza selectiva y por una cuesti\u00f3n de precio, al rozar los trescientos euros por comensal. La asistencia a este evento culinario de primer nivel es una oportunidad limitada a los elegidos por la organizaci\u00f3n o propuestos por otro invitado. Fuentes cercanas a la directiva sugieren que la pr\u00f3xima edici\u00f3n se celebrar\u00e1 en Granada, con una experiencia a\u00fan m\u00e1s espectacular y enigm\u00e1tica.<\/p>\n<p> Cacao, rotector de La \u00daltima Clandestina<\/p>\n<p>\nDesde el primer mensaje que reciben los invitados hasta la enigm\u00e1tica recogida en furgonetas, pasando por la revelaci\u00f3n del espacio de la cena, todos los elementos de La \u00daltima Clandestina han sido dise\u00f1ados para sumergir a los comensales en un mundo donde cada detalle forma una narrativa mayor.*<\/p>\n<p>\nEn este escenario, Cacao emerge como cerebro estrat\u00e9gico y creativo, demostrando gran habilidad para fusionar elementos de marketing, teatralidad y planificaci\u00f3n de eventos que dan lugar a conceptos \u00fanicos. Adem\u00e1s de la gesti\u00f3n log\u00edstica, se ocupa de crear la atm\u00f3sfera, asegurando que cada momento contribuya a la experiencia global, donde la gastronom\u00eda es solo un componente de un todo m\u00e1s rico y complejo.<\/p>\n<p> Emisor: La \u00daltima Clandestina<\/p>\n<p>\nContacto<\/p>\n<p>\nContacto: Gabinete Period\u00edstico<\/p>\n<p>\nEmail de contacto: comunicados@prensaymedios.com<\/p>\n","protected":false},"excerpt":{"rendered":"<p>(Informaci\u00f3n remitida por la empresa firmante) Granada, 5 de enero de 2024.- En una sinfon\u00eda de lujo inmersivo y exclusividad, La \u00daltima Clandestina emerge como un movimiento culinario de \u00e9lite, una secta gastron\u00f3mica cuya misi\u00f3n trasciende el acto de comer y se erige como un hito de la alta gastronom\u00eda. Con un men\u00fa de 10 [&hellip;]<\/p>\n","protected":false},"author":1,"featured_media":0,"comment_status":"closed","ping_status":"closed","sticky":false,"template":"","format":"standard","meta":{"footnotes":""},"categories":[],"tags":[],"class_list":["post-49068","post","type-post","status-publish","format-standard","hentry"],"_links":{"self":[{"href":"https:\/\/webciudadana.net\/index.php?rest_route=\/wp\/v2\/posts\/49068","targetHints":{"allow":["GET"]}}],"collection":[{"href":"https:\/\/webciudadana.net\/index.php?rest_route=\/wp\/v2\/posts"}],"about":[{"href":"https:\/\/webciudadana.net\/index.php?rest_route=\/wp\/v2\/types\/post"}],"author":[{"embeddable":true,"href":"https:\/\/webciudadana.net\/index.php?rest_route=\/wp\/v2\/users\/1"}],"replies":[{"embeddable":true,"href":"https:\/\/webciudadana.net\/index.php?rest_route=%2Fwp%2Fv2%2Fcomments&post=49068"}],"version-history":[{"count":0,"href":"https:\/\/webciudadana.net\/index.php?rest_route=\/wp\/v2\/posts\/49068\/revisions"}],"wp:attachment":[{"href":"https:\/\/webciudadana.net\/index.php?rest_route=%2Fwp%2Fv2%2Fmedia&parent=49068"}],"wp:term":[{"taxonomy":"category","embeddable":true,"href":"https:\/\/webciudadana.net\/index.php?rest_route=%2Fwp%2Fv2%2Fcategories&post=49068"},{"taxonomy":"post_tag","embeddable":true,"href":"https:\/\/webciudadana.net\/index.php?rest_route=%2Fwp%2Fv2%2Ftags&post=49068"}],"curies":[{"name":"wp","href":"https:\/\/api.w.org\/{rel}","templated":true}]}}