{"id":49075,"date":"2024-01-06T10:36:47","date_gmt":"2024-01-06T09:36:47","guid":{"rendered":"https:\/\/ticker-noticiasep.microcontenidos.com\/NoticiaRSS.vbhtml?user=XRNR562DLR&amp;cod=20240106103647"},"modified":"2024-01-06T10:36:47","modified_gmt":"2024-01-06T09:36:47","slug":"expertos-en-rsc-auguran-un-2024-marcado-por-la-sostenibilidad-la-ia-y-la-agenda-social","status":"publish","type":"post","link":"https:\/\/webciudadana.net\/?p=49075","title":{"rendered":"Expertos en RSC auguran un 2024 marcado por la sostenibilidad, la IA y la agenda social"},"content":{"rendered":"\n<div><img decoding=\"async\" src=\"\/wp-content\/uploads\/sites\/2\/2024\/01\/expertos-en-rsc-auguran-un-2024-marcado-por-la-sostenibilidad-la-ia-y-la-agenda-social.jpg\" class=\"ff-og-image-inserted\"><\/div>\n<p> MADRID, 6 (EUROPA PRESS)<\/p>\n<p> Expertos en Responsabilidad Social Corporativa (RSC) auguran un 2024 marcado por la sostenibilidad, la Inteligencia Artifical o la agenda social, donde las personas se sit\u00faen en el centro de la acci\u00f3n empresarial, que no deben dejar de lado la transparencia y la rendici\u00f3n de cuentas.<\/p>\n<p> En declaraciones a Europa Press, la directora general de Fundaci\u00f3n SERES, Ana Sainz, ha indicado que \u00ab2023 ha sido un a\u00f1o cargado de desaf\u00edos de todo tipo: geopol\u00edticos, econ\u00f3micos y, por supuesto, tambi\u00e9n sociales\u00bb, sin olvidar \u00abuna revoluci\u00f3n tecnol\u00f3gica sin precedentes\u00bb.<\/p>\n<p> \u00abUn ejemplo paradigm\u00e1tico ha sido la IA generativa que adem\u00e1s ha estrenado en Europa una regulaci\u00f3n pionera (Reglamento Europeo de Inteligencia Artificial, IA Act en su denominaci\u00f3n en ingl\u00e9s) que muestra su preocupaci\u00f3n y salvaguarda de aspectos como la \u00e9tica y la responsabilidad en el uso de \u00e9sta\u00bb, ha apostillado.<\/p>\n<p> Sobre 2024, Sainz ha se\u00f1alado que algunos economistas creen que ser\u00e1 \u00abel a\u00f1o de los desaf\u00edos con la D de desinflaci\u00f3n, la deuda, la desglobalizaci\u00f3n, al que siguen otros dos m\u00e1s relacionadas con las personas como son la desigualdad y la demograf\u00eda\u00bb, a los que ha a\u00f1adido \u00abun par de &#8216;eses&#8217; como son lo social y la sostenibilidad, dos ejes determinantes en esta d\u00e9cada que nos acerca a la ambiciosa Agenda 2030\u00bb.<\/p>\n<p> \u00abSolo las compa\u00f1\u00edas con un prop\u00f3sito claro, conectadas con el negocio, con impacto positivo en las personas y capaces de medirlo ser\u00e1n sostenibles en el tiempo. No solo el desempe\u00f1o sino tambi\u00e9n su comunicaci\u00f3n ser\u00e1 uno de los cimientos m\u00e1s importantes para generar confianza y trasladar un mensaje claro y transparente para clientes e inversores\u00bb, ha asegurado.<\/p>\n<p> En materia de sostenibilidad, ha indicado que \u00abel escrutinio a las empresas se incrementa y la confianza se revela como un gran acelerador de los factores ESG dentro de las corporaciones y como un intangible m\u00e1s poderoso y eficaz que la reputaci\u00f3n para activar comportamientos positivos hacia la empresa\u00bb.<\/p>\n<p> \u00abCon la transici\u00f3n hacia una econom\u00eda verde, la igualdad de g\u00e9nero, la cohesi\u00f3n territorial y social hay que trabajar bien cu\u00e1l va a ser el papel de todos y cada uno de los agentes de cambio y c\u00f3mo se va a tejer el plan de trabajo conjunto que permita la colaboraci\u00f3n p\u00fablico-privada para caminar hacia una econom\u00eda digital, sostenible y resiliente. Ofrecer una respuesta a la altura de este desaf\u00edo pasa por evaluar el valor adicional de los criterios ESG y ser capaces medirlo\u00bb, ha augurado. En este sentido, ha recordado que SERES desde hace varios a\u00f1os impulsa m\u00e9tricas que permitan contar con una medici\u00f3n de lo social.<\/p>\n<p> \u00abEste 2024 nos presenta ante una agenda social que continuar\u00e1 girando en torno al liderazgo responsable, los derechos humanos, las iniciativas para acelerar la recuperaci\u00f3n con modelos m\u00e1s inclusivos, el nuevo paradigma en el que el compromiso empresarial es un elemento primordial para los inversores en todo el mundo y herramientas que permiten comparar el impacto de las empresas. Un progreso que exigir\u00e1 reflexi\u00f3n, conocimiento y por supuesto abordar los desaf\u00edos sociales asociados tambi\u00e9n a la tecnolog\u00eda\u00bb, ha resumido.<\/p>\n<p> Por todo ello, ha puesto el foco en la importancia de que las personas est\u00e9n \u00aben el centro de todo avance tecnol\u00f3gico\u00bb. \u00abNo me cabe la menor duda de que nos encontramos en un momento excepcional, en el que una gesti\u00f3n responsable no solo es importante, sino urgente\u00bb, ha defendido.<\/p>\n<p> Por su parte, la directora ejecutiva de Pacto Mundial ONU Espa\u00f1a, Cristina S\u00e1nchez, ha asegurado que \u00ab2024 se presenta como un hito en la evoluci\u00f3n de la sostenibilidad empresarial, en el que el despliegue normativo emerge como un impulsor clave del cambio\u00bb.<\/p>\n<p> \u00abPor esta raz\u00f3n, la rendici\u00f3n de cuentas se convertir\u00e1 en un requisito fundamental para las empresas, siendo cada vez m\u00e1s demandada, tanto por la normativa como por los consumidores y la comunidad inversora\u00bb, ha a\u00f1adido, recordando los informes de progreso que lleva a cabo el Pacto Mundial, que facilitan a las empresas \u00abla alineaci\u00f3n de sus reportes con los est\u00e1ndares internacionales m\u00e1s comunes\u00bb.<\/p>\n<p> \u00abTambi\u00e9n este a\u00f1o tendr\u00e1 que intensificarse la participaci\u00f3n activa del sector privado en los ecosistemas p\u00fablicos, por lo que instamos a las empresas a comprometerse p\u00fablicamente en la consecuci\u00f3n de los Objetivos de Desarrollo Sostenible (ODS) y a colaborar con gobiernos para superar obst\u00e1culos en la senda de los resultados sostenibles. Y, por supuesto, la cadena de valor sostenible seguir\u00e1 siendo un objetivo central, que exigir\u00e1 a las empresas que revisen y transformen sus cadenas de suministro para reducir su impacto ambiental y social\u00bb, ha a\u00f1adido S\u00e1nchez.<\/p>\n<p> A su juicio, \u00abla transformaci\u00f3n del sistema financiero ser\u00e1 en este per\u00edodo una prioridad ineludible\u00bb. \u00abLa aceleraci\u00f3n en este \u00e1mbito se vuelve imperativa para abordar la transici\u00f3n energ\u00e9tica, el logro de los ODS, la adaptaci\u00f3n clim\u00e1tica y la reducci\u00f3n de inequidades\u00bb, ha observado.<\/p>\n<p> \u00abFijar compromisos cuantitativos, con fines temporales, p\u00fablicos y alineados con las grandes urgencias es el enfoque de las empresas que quieren estar a la altura. El momento del compromiso ya fue superado. El dato p\u00fablico y su seguimiento es el indicativo de la gesti\u00f3n sostenible\u00bb, ha argumentado.<\/p>\n<p> \u00abEn resumen, el a\u00f1o 2024 se vislumbra como un periodo en el que las empresas no solo responden a las crecientes expectativas sociales y normativas, sino que tambi\u00e9n se posicionan como l\u00edderes proactivos en la creaci\u00f3n de un futuro empresarial sostenible y \u00e9tico. La combinaci\u00f3n de normativas m\u00e1s estrictas, la rendici\u00f3n de cuentas transparente y la colaboraci\u00f3n activa con los sectores p\u00fablico y financiero marcar\u00e1 el camino hacia una transformaci\u00f3n empresarial positiva y duradera\u00bb, ha concluido.<\/p>\n<p> Desde For\u00e9tica, su director general, Germ\u00e1n Granda, ha se\u00f1alado que \u00abel 2023 ha vuelto a demostrar que la sostenibilidad se ha consolidado como \u00abgran oportunidad ante los retos ambientales, sociales y de gobernanza a los que se enfrentan no solo las naciones, sino tambi\u00e9n las empresas de todo el mundo\u00bb.<\/p>\n<p> \u00abLa generaci\u00f3n de confianza seguir\u00e1 siendo un factor muy relevante para avanzar en los aspectos de sostenibilidad, ya sea a trav\u00e9s de una mayor transparencia en el a\u00f1o que entra en vigor la directiva de informaci\u00f3n en sostenibilidad e Europa (CSRD) con sus est\u00e1ndares asociados (NEIS) al tiempo que en otras jurisdicciones del mundo lo har\u00e1n los ISSB. O a trav\u00e9s del seguimiento m\u00e1s detallado y transparente, como puso de manifiesto la COP 28, de los compromisos (producci\u00f3n de energ\u00edas renovables y eficiencia energ\u00e9tica entre otros) y planes de transici\u00f3n tanto empresariales como de pa\u00edses en sus emisiones de GEI\u00bb, ha precisado.<\/p>\n<p> Granda tambi\u00e9n ha recordado que Espa\u00f1a actualizar\u00e1 el Plan Nacional Integrado de Energ\u00eda y Clima 2021-2030 en 2024 y las empresas deber\u00e1n estar atentas en el primer trimestre a la nueva directiva de greenwashing, entre otras cuestiones.<\/p>\n<p> \u00abLa agenda de sostenibilidad estar\u00e1 protagonizada tambi\u00e9n por la inteligencia artificial ya que, si se usa de manera responsable, puede ser un gran aliado en la mejora y aceleraci\u00f3n de los impactos positivos en un momento en que se necesita un doble esfuerzo\u00bb, ha indicado.<\/p>\n<p> Para Granda, \u00abel talento seguir\u00e1 demandando compromisos en sostenibilidad a la vez que esfuerzos en las empresas por generar entornos donde estar al d\u00eda (empleables) y avanzar en su desarrollo profesional ante los cambios tecnol\u00f3gicos y en materia de sostenibilidad tan profundos\u00bb.<\/p>\n<p> Por \u00faltimo, Granda ha avanzado que \u00abel incremento de las cat\u00e1strofes clim\u00e1ticas y sus consecuencias econ\u00f3micas y sociales podr\u00edan hacer que los pa\u00edses y empresas se planteen invertir m\u00e1s en adaptaci\u00f3n, prevenci\u00f3n de impactos en la salud y en parar y revertir la p\u00e9rdida de naturaleza\u00bb. \u00abDejamos el 2023 como el a\u00f1o con la temperatura m\u00e1s elevada. Esperamos que 2024 sea el a\u00f1o que eleve la acci\u00f3n\u00bb, ha reclamado.<\/p>\n","protected":false},"excerpt":{"rendered":"<p>MADRID, 6 (EUROPA PRESS) Expertos en Responsabilidad Social Corporativa (RSC) auguran un 2024 marcado por la sostenibilidad, la Inteligencia Artifical o la agenda social, donde las personas se sit\u00faen en el centro de la acci\u00f3n empresarial, que no deben dejar de lado la transparencia y la rendici\u00f3n de cuentas. En declaraciones a Europa Press, la [&hellip;]<\/p>\n","protected":false},"author":1,"featured_media":0,"comment_status":"closed","ping_status":"closed","sticky":false,"template":"","format":"standard","meta":{"footnotes":""},"categories":[],"tags":[],"class_list":["post-49075","post","type-post","status-publish","format-standard","hentry"],"_links":{"self":[{"href":"https:\/\/webciudadana.net\/index.php?rest_route=\/wp\/v2\/posts\/49075","targetHints":{"allow":["GET"]}}],"collection":[{"href":"https:\/\/webciudadana.net\/index.php?rest_route=\/wp\/v2\/posts"}],"about":[{"href":"https:\/\/webciudadana.net\/index.php?rest_route=\/wp\/v2\/types\/post"}],"author":[{"embeddable":true,"href":"https:\/\/webciudadana.net\/index.php?rest_route=\/wp\/v2\/users\/1"}],"replies":[{"embeddable":true,"href":"https:\/\/webciudadana.net\/index.php?rest_route=%2Fwp%2Fv2%2Fcomments&post=49075"}],"version-history":[{"count":0,"href":"https:\/\/webciudadana.net\/index.php?rest_route=\/wp\/v2\/posts\/49075\/revisions"}],"wp:attachment":[{"href":"https:\/\/webciudadana.net\/index.php?rest_route=%2Fwp%2Fv2%2Fmedia&parent=49075"}],"wp:term":[{"taxonomy":"category","embeddable":true,"href":"https:\/\/webciudadana.net\/index.php?rest_route=%2Fwp%2Fv2%2Fcategories&post=49075"},{"taxonomy":"post_tag","embeddable":true,"href":"https:\/\/webciudadana.net\/index.php?rest_route=%2Fwp%2Fv2%2Ftags&post=49075"}],"curies":[{"name":"wp","href":"https:\/\/api.w.org\/{rel}","templated":true}]}}