{"id":49081,"date":"2024-01-08T09:01:49","date_gmt":"2024-01-08T08:01:49","guid":{"rendered":"https:\/\/ticker-noticiasep.microcontenidos.com\/NoticiaRSS.vbhtml?user=XRNR562DLR&amp;cod=20240108090149"},"modified":"2024-01-08T09:01:49","modified_gmt":"2024-01-08T08:01:49","slug":"mundo-alimentiv-anuncia-a-pierre-gaudreault-como-nuevo-consejero-delegado","status":"publish","type":"post","link":"https:\/\/webciudadana.net\/?p=49081","title":{"rendered":"Mundo: Alimentiv anuncia a Pierre Gaudreault como nuevo consejero delegado"},"content":{"rendered":"\n<div><img decoding=\"async\" src=\"\/wp-content\/uploads\/sites\/2\/2024\/01\/mundo-alimentiv-anuncia-a-pierre-gaudreault-como-nuevo-consejero-delegado.jpg\" class=\"ff-og-image-inserted\"><\/div>\n<p>(Informaci\u00f3n remitida por la empresa firmante)<\/p>\n<p>\nLONDRES, ON, 8 de enero de 2024 \/PRNewswire\/ &#8212; Alimentiv Inc. (\u00abAlimentiv\u00bb) se complace en anunciar el nombramiento de Pierre Gaudreault como su consejero delegado, a partir de enero de 2024. Este anuncio se produce tras una b\u00fasqueda exhaustiva de consejeros delegados a nivel internacional realizada por la junta directiva.<\/p>\n<p> Pierre aporta una gran experiencia, con m\u00e1s de 25 a\u00f1os de experiencia ejecutiva en la gesti\u00f3n de empresas en Canad\u00e1, Europa y Asia. Su amplia experiencia incluye roles de liderazgo internacional en diversas organizaciones comerciales, encabezando transformaciones de modelos de comercializaci\u00f3n e impulsando la transformaci\u00f3n y el crecimiento. Est\u00e1 profundamente comprometido con fomentar la diversidad y la inclusi\u00f3n, construir relaciones y promover el desarrollo del liderazgo. Su experiencia, junto con el compromiso con un enfoque centrado en las personas, se alinea con la cultura y los valores que son parte integral de Alimentiv. Pierre est\u00e1 bien posicionado para construir sobre las s\u00f3lidas bases establecidas por los l\u00edderes que lo precedieron.<\/p>\n<p> \u00abEstamos encantados de darle la bienvenida a Pierre como nuestro nuevo consejero delegado. Su amplia experiencia, visi\u00f3n estrat\u00e9gica y compromiso con las relaciones, la diversidad y la inclusi\u00f3n se alinean perfectamente con los valores de Alimentiv. La gran experiencia de Pierre ser\u00e1 muy valiosa para la visi\u00f3n estrat\u00e9gica y el crecimiento continuo de la organizaci\u00f3n. Esperamos lograr un \u00e9xito continuo bajo su liderazgo\u00bb, afirm\u00f3 Jennifer Roedding, presidenta de la junta directiva de Alimentiv.<\/p>\n<p> \u00abAl reunirme con los ejecutivos y la Junta Directiva, he admirado c\u00f3mo toda la compa\u00f1\u00eda ha estado detr\u00e1s de la misi\u00f3n de Transformar la Salud Humana con valores enfocados en las personas. Realmente creo en el trabajo en equipo y que juntos, como grupo colectivo, podemos lograr resultados tremendos. Espero con inter\u00e9s lo que podemos lograr juntos\u00bb, afirm\u00f3 Pierre Gaudreault, consejero delegado entrante de Alimentiv.<\/p>\n<p> Acerca de Alimentiv Inc.<\/p>\n<p>\nAlimentiv es una organizaci\u00f3n de investigaci\u00f3n por contrato (CRO) global centrada en gastroenterolog\u00eda que proporciona ensayos cl\u00ednicos, gesti\u00f3n central de im\u00e1genes, medicina de precisi\u00f3n, estad\u00edsticas y servicios de laboratorio para las industrias farmac\u00e9utica y biotecnol\u00f3gica. Con sede en Londres, Ontario, Alimentiv emplea a m\u00e1s de 500 personas en sus operaciones en Canad\u00e1, Estados Unidos, Europa, Asia-Pac\u00edfico y Am\u00e9rica Latina. El modelo \u00fanico de la organizaci\u00f3n combina los esfuerzos de investigadores acad\u00e9micos y expertos operativos reconocidos internacionalmente para ofrecer soluciones integradas a los clientes. Durante los \u00faltimos 20 a\u00f1os, Alimentiv se ha convertido en un experto reconocido en dise\u00f1o de ensayos cl\u00ednicos, soluciones de gesti\u00f3n central de im\u00e1genes, desarrollo de medidas de resultados y medicina de precisi\u00f3n para el desarrollo de f\u00e1rmacos en el sistema gastrointestinal. En la actualidad, Alimentiv proporciona servicios en m\u00e1s de 50 pa\u00edses en todo el mundo, colabora con universidades e instituciones acad\u00e9micas l\u00edderes en todo el mundo y trabaja con muchas organizaciones farmac\u00e9uticas y de biotecnolog\u00eda l\u00edderes para ofrecer opciones de tratamiento nuevas y mejoradas a los pacientes. Alimentiv est\u00e1 comprometido con la inversi\u00f3n en investigaci\u00f3n y desarrollo m\u00e9dicos, centr\u00e1ndose en identificar barreras para el desarrollo de f\u00e1rmacos y buscar soluciones que hagan avanzar la investigaci\u00f3n gastrointestinal. Los hallazgos de la investigaci\u00f3n se ponen en pr\u00e1ctica en una metodolog\u00eda de ensayo cl\u00ednico eficiente para clientes que se alinea con los est\u00e1ndares regulatorios emergentes. En colaboraci\u00f3n con destacados expertos, Alimentiv ha sido pionero en el desarrollo, validaci\u00f3n y estandarizaci\u00f3n de tecnolog\u00edas y medidas de resultados, dando forma al panorama en evoluci\u00f3n de los ensayos cl\u00ednicos para m\u00faltiples indicaciones y proporcionando consecuencias significativas a largo plazo para los pacientes, su tratamiento y la sociedad. Para m\u00e1s informaci\u00f3n, visite: www.alimentiv.com<\/p>\n<p>\nContacto: Fern Livingstone, Tel: 519.639.3205, Email: fern.livingstone@alimentiv.com<\/p>\n<p>\nFoto &#8212; https:\/\/mma.prnewswire.com\/media\/2312107\/Alimentiv_Inc__Alimentiv_Announces_Pierre_Gaudreault_as_New_Chie.jpg<\/p>\n<p> View original content:https:\/\/www.prnewswire.com\/news-releases\/alimentiv-anuncia-a-pierre-gaudreault-como-nuevo-consejero-delegado-302027725.html<\/p>\n","protected":false},"excerpt":{"rendered":"<p>(Informaci\u00f3n remitida por la empresa firmante) LONDRES, ON, 8 de enero de 2024 \/PRNewswire\/ &#8212; Alimentiv Inc. (\u00abAlimentiv\u00bb) se complace en anunciar el nombramiento de Pierre Gaudreault como su consejero delegado, a partir de enero de 2024. Este anuncio se produce tras una b\u00fasqueda exhaustiva de consejeros delegados a nivel internacional realizada por la junta [&hellip;]<\/p>\n","protected":false},"author":1,"featured_media":0,"comment_status":"closed","ping_status":"closed","sticky":false,"template":"","format":"standard","meta":{"footnotes":""},"categories":[],"tags":[],"class_list":["post-49081","post","type-post","status-publish","format-standard","hentry"],"_links":{"self":[{"href":"https:\/\/webciudadana.net\/index.php?rest_route=\/wp\/v2\/posts\/49081","targetHints":{"allow":["GET"]}}],"collection":[{"href":"https:\/\/webciudadana.net\/index.php?rest_route=\/wp\/v2\/posts"}],"about":[{"href":"https:\/\/webciudadana.net\/index.php?rest_route=\/wp\/v2\/types\/post"}],"author":[{"embeddable":true,"href":"https:\/\/webciudadana.net\/index.php?rest_route=\/wp\/v2\/users\/1"}],"replies":[{"embeddable":true,"href":"https:\/\/webciudadana.net\/index.php?rest_route=%2Fwp%2Fv2%2Fcomments&post=49081"}],"version-history":[{"count":0,"href":"https:\/\/webciudadana.net\/index.php?rest_route=\/wp\/v2\/posts\/49081\/revisions"}],"wp:attachment":[{"href":"https:\/\/webciudadana.net\/index.php?rest_route=%2Fwp%2Fv2%2Fmedia&parent=49081"}],"wp:term":[{"taxonomy":"category","embeddable":true,"href":"https:\/\/webciudadana.net\/index.php?rest_route=%2Fwp%2Fv2%2Fcategories&post=49081"},{"taxonomy":"post_tag","embeddable":true,"href":"https:\/\/webciudadana.net\/index.php?rest_route=%2Fwp%2Fv2%2Ftags&post=49081"}],"curies":[{"name":"wp","href":"https:\/\/api.w.org\/{rel}","templated":true}]}}