{"id":49087,"date":"2024-01-08T12:15:28","date_gmt":"2024-01-08T11:15:28","guid":{"rendered":"https:\/\/ticker-noticiasep.microcontenidos.com\/NoticiaRSS.vbhtml?user=XRNR562DLR&amp;cod=20240108121528"},"modified":"2024-01-08T12:15:28","modified_gmt":"2024-01-08T11:15:28","slug":"un-workshop-de-uic-barcelona-school-of-architecture-aboga-por-un-diseno-urbano-de-barcelona-inclusivo","status":"publish","type":"post","link":"https:\/\/webciudadana.net\/?p=49087","title":{"rendered":"Un workshop de UIC Barcelona School of Architecture aboga por un dise\u00f1o urbano de Barcelona inclusivo"},"content":{"rendered":"\n<p>(Informaci\u00f3n remitida por la empresa firmante)<\/p>\n<p>\nA trav\u00e9s de un taller organizado por el Master of International Cooperation Sustainable Emergency Architecture (MICSEA), los estudiantes han evaluado el nivel de inclusividad de tres espacios p\u00fablicos de Barcelona.<\/p>\n<p> Barcelona, 8 de enero de 2024.-. Un taller organizado por el Master of International Cooperation Sustainable Emergency Architecture (MICSEA) de UIC Barcelona, ha evaluado tres espacios p\u00fablicos en distintos barrios de Barcelona, considerando que la forma urbana y densidad de un barrio puede determinar su diversidad de usos y demograf\u00eda. El taller ha puesto en valor la necesidad de un dise\u00f1o urbano con perspectiva de g\u00e9nero con \u00e9nfasis en mujeres migrantes. Tradicionalmente, la ciudad de Barcelona se ha dise\u00f1ado desde una perspectiva masculina, reflejando as\u00ed desigualdades de g\u00e9nero en los espacios p\u00fablicos. Este taller buscaba cambiar esta narrativa.<\/p>\n<p> Uso de espacios p\u00fablicos de mujeres y migrantes.<\/p>\n<p> El taller ha abordado c\u00f3mo los espacios urbanos y sus procesos est\u00e1n sesgados por g\u00e9nero, enfoc\u00e1ndose espec\u00edficamente en el uso de espacios p\u00fablicos en diferentes vecindarios. Se destaca que el urbanismo de g\u00e9nero reconoce que las ciudades y entornos urbanos no son neutrales, ya que est\u00e1n moldeados por factores sociales, econ\u00f3micos y culturales que refuerzan las disparidades de g\u00e9nero.<\/p>\n<p> Incorporando las necesidades de mujeres y personas en situaci\u00f3n de vulnerabilidad.<\/p>\n<p> Para dise\u00f1ar ciudades accesibles que permitan la movilidad para todos y todas, el taller ha destacado que es fundamental incorporar las necesidades de mujeres, personas con discapacidades, cuidadores y migrantes. Esto implica considerar aspectos como la movilidad, el dise\u00f1o de aceras, el transporte p\u00fablico y la ubicaci\u00f3n de servicios. La creaci\u00f3n de espacios p\u00fablicos inclusivos debe satisfacer las necesidades y preferencias de poblaciones diversas, incluyendo parques, \u00e1reas de juego, centros comunitarios y facilidades p\u00fablicas que sean seguras, accesibles y que promuevan la interacci\u00f3n social y la inclusi\u00f3n.<\/p>\n<p> Metodolog\u00eda del taller.<\/p>\n<p> El taller ha introducido una metodolog\u00eda y herramientas socio-espaciales que se han ejecutado en cuatro fases. En primer lugar, se ha efectuado un an\u00e1lisis f\u00edsico que ha estudiado las capas urbanas, incluyendo espacios abiertos, tejido urbano y movilidad. En segundo lugar, un an\u00e1lisis social en que los estudiantes han dise\u00f1ado m\u00e9todos cualitativos para recopilar datos sobre la percepci\u00f3n y pr\u00e1cticas de la comunidad, mediante entrevistas, observaciones, etc. En tercer lugar, se han evaluado los datos recopilados durante las jornadas de observaci\u00f3n, present\u00e1ndose gr\u00e1ficamente. Este paso ha permitido combinar aspectos f\u00edsicos del lugar con las necesidades de los colectivos que utilizan los espacios p\u00fablicos. Por \u00faltimo, se han hecho propuestas y recomendaciones que tienen como base el diagn\u00f3stico y la informaci\u00f3n cualitativa recopilada.<\/p>\n<p> Impacto y futuro.<\/p>\n<p> En palabras de Carmen Mendoza, directora del Master of International Cooperation Sustainable Emergency Architecture, \u00abeste taller es un paso crucial hacia la comprensi\u00f3n y el desarrollo de ciudades m\u00e1s inclusivas. Esperamos que los hallazgos y recomendaciones generados gu\u00eden futuras pol\u00edticas urbanas y promuevan un cambio significativo en el dise\u00f1o de nuestros espacios urbanos\u00bb.<\/p>\n<p> Sobre UIC Barcelona:.<\/p>\n<p> La Universitat Internacional de Catalunya (UIC Barcelona) naci\u00f3 en 1997 con el objetivo de ofrecer una formaci\u00f3n universitaria de calidad y promover la investigaci\u00f3n como servicio a la sociedad. Ligada al mundo empresarial y con un marcado car\u00e1cter internacional, imparte 16 grados, 8 dobles grados, una treintena de dobles titulaciones internacionales y una amplia oferta de programas de posgrado en sus dos campus, situados en Barcelona y Sant Cugat del Vall\u00e9s.<\/p>\n<p>\nPara m\u00e1s informaci\u00f3n:.<br \/>\nJordi Estopi\u00f1\u00e1n Guarc.<br \/>\nResponsable de Comunicaci\u00f3n.<br \/>\nUIC Barcelona.<br \/>\njestopinan@uic.es | 675 78 34 29 | www.uic.es.<\/p>\n","protected":false},"excerpt":{"rendered":"<p>(Informaci\u00f3n remitida por la empresa firmante) A trav\u00e9s de un taller organizado por el Master of International Cooperation Sustainable Emergency Architecture (MICSEA), los estudiantes han evaluado el nivel de inclusividad de tres espacios p\u00fablicos de Barcelona. Barcelona, 8 de enero de 2024.-. Un taller organizado por el Master of International Cooperation Sustainable Emergency Architecture (MICSEA) [&hellip;]<\/p>\n","protected":false},"author":1,"featured_media":0,"comment_status":"closed","ping_status":"closed","sticky":false,"template":"","format":"standard","meta":{"footnotes":""},"categories":[],"tags":[],"class_list":["post-49087","post","type-post","status-publish","format-standard","hentry"],"_links":{"self":[{"href":"https:\/\/webciudadana.net\/index.php?rest_route=\/wp\/v2\/posts\/49087","targetHints":{"allow":["GET"]}}],"collection":[{"href":"https:\/\/webciudadana.net\/index.php?rest_route=\/wp\/v2\/posts"}],"about":[{"href":"https:\/\/webciudadana.net\/index.php?rest_route=\/wp\/v2\/types\/post"}],"author":[{"embeddable":true,"href":"https:\/\/webciudadana.net\/index.php?rest_route=\/wp\/v2\/users\/1"}],"replies":[{"embeddable":true,"href":"https:\/\/webciudadana.net\/index.php?rest_route=%2Fwp%2Fv2%2Fcomments&post=49087"}],"version-history":[{"count":0,"href":"https:\/\/webciudadana.net\/index.php?rest_route=\/wp\/v2\/posts\/49087\/revisions"}],"wp:attachment":[{"href":"https:\/\/webciudadana.net\/index.php?rest_route=%2Fwp%2Fv2%2Fmedia&parent=49087"}],"wp:term":[{"taxonomy":"category","embeddable":true,"href":"https:\/\/webciudadana.net\/index.php?rest_route=%2Fwp%2Fv2%2Fcategories&post=49087"},{"taxonomy":"post_tag","embeddable":true,"href":"https:\/\/webciudadana.net\/index.php?rest_route=%2Fwp%2Fv2%2Ftags&post=49087"}],"curies":[{"name":"wp","href":"https:\/\/api.w.org\/{rel}","templated":true}]}}