{"id":49092,"date":"2024-01-08T14:00:54","date_gmt":"2024-01-08T13:00:54","guid":{"rendered":"https:\/\/ticker-noticiasep.microcontenidos.com\/NoticiaRSS.vbhtml?user=XRNR562DLR&amp;cod=20240108140054"},"modified":"2024-01-08T14:00:54","modified_gmt":"2024-01-08T13:00:54","slug":"un-proyecto-de-fundacion-acs-y-fundacion-integra-logra-un-empleo-para-75-personas-en-riesgo-de-exclusion-o-discapacidad","status":"publish","type":"post","link":"https:\/\/webciudadana.net\/?p=49092","title":{"rendered":"Un proyecto de Fundaci\u00f3n ACS y Fundaci\u00f3n Integra logra un empleo para 75 personas en riesgo de exclusi\u00f3n o discapacidad"},"content":{"rendered":"\n<div><img decoding=\"async\" src=\"\/wp-content\/uploads\/sites\/2\/2024\/01\/un-proyecto-de-fundacion-acs-y-fundacion-integra-logra-un-empleo-para-75-personas-en-riesgo-de-exclusion-o-discapacidad.jpg\" class=\"ff-og-image-inserted\"><\/div>\n<p> MADRID, 8 (EUROPA PRESS)<\/p>\n<p> La Fundaci\u00f3n ACS y Fundaci\u00f3n Integra consiguieron en 2023 que 75 personas en riesgo de exclusi\u00f3n y con discapacidad volvieran al mundo laboral a trav\u00e9s del proyecto &#8216;Empleos que transforman vidas&#8217;, con el cual estas personas han podido \u00abrecuperar las riendas de su vida\u00bb, seg\u00fan un comunicado de sus impulsores.<\/p>\n<p> El proyecto, que se ha desarrollado en Madrid, Barcelona, Sevilla, Mallorca, Zaragoza y Valencia, contempla un completo itinerario de orientaci\u00f3n, formaci\u00f3n, fortalecimiento e intermediaci\u00f3n laboral para que los participantes &#8211;entre los que se encuentran personas que han salido de la calle, de las drogas, de la c\u00e1rcel o mujeres v\u00edctimas de violencia&#8211; puedan alejarse de esa exclusi\u00f3n.<\/p>\n<p> Una de las claves de &#8216;Empleos que transforman vidas&#8217; es la implicaci\u00f3n de los profesionales de las empresas de Grupo ACS como voluntarios corporativos en los distintos talleres grupales de habilidades sociales y t\u00e9cnicas laborales de b\u00fasqueda de empleo que la Fundaci\u00f3n ofrece.<\/p>\n<p> Seg\u00fan uno de los beneficiarios, Daniel, los voluntarios les dieron \u00abmuch\u00edsima motivaci\u00f3n\u00bb y \u00abse volcaron\u00bb con ellos. \u00abEn mi caso, llevaba m\u00e1s de 20 a\u00f1os sin trabajar y gracias a ellos me he reciclado a nivel laboral, d\u00e1ndome herramientas, consejos&#8230; Su apoyo ha sido clave. Han puesto en alza todas nuestras cualidades para que podamos conseguir un trabajo y seguir adelante\u00bb, detalla.<\/p>\n","protected":false},"excerpt":{"rendered":"<p>MADRID, 8 (EUROPA PRESS) La Fundaci\u00f3n ACS y Fundaci\u00f3n Integra consiguieron en 2023 que 75 personas en riesgo de exclusi\u00f3n y con discapacidad volvieran al mundo laboral a trav\u00e9s del proyecto &#8216;Empleos que transforman vidas&#8217;, con el cual estas personas han podido \u00abrecuperar las riendas de su vida\u00bb, seg\u00fan un comunicado de sus impulsores. El [&hellip;]<\/p>\n","protected":false},"author":1,"featured_media":0,"comment_status":"closed","ping_status":"closed","sticky":false,"template":"","format":"standard","meta":{"footnotes":""},"categories":[],"tags":[],"class_list":["post-49092","post","type-post","status-publish","format-standard","hentry"],"_links":{"self":[{"href":"https:\/\/webciudadana.net\/index.php?rest_route=\/wp\/v2\/posts\/49092","targetHints":{"allow":["GET"]}}],"collection":[{"href":"https:\/\/webciudadana.net\/index.php?rest_route=\/wp\/v2\/posts"}],"about":[{"href":"https:\/\/webciudadana.net\/index.php?rest_route=\/wp\/v2\/types\/post"}],"author":[{"embeddable":true,"href":"https:\/\/webciudadana.net\/index.php?rest_route=\/wp\/v2\/users\/1"}],"replies":[{"embeddable":true,"href":"https:\/\/webciudadana.net\/index.php?rest_route=%2Fwp%2Fv2%2Fcomments&post=49092"}],"version-history":[{"count":0,"href":"https:\/\/webciudadana.net\/index.php?rest_route=\/wp\/v2\/posts\/49092\/revisions"}],"wp:attachment":[{"href":"https:\/\/webciudadana.net\/index.php?rest_route=%2Fwp%2Fv2%2Fmedia&parent=49092"}],"wp:term":[{"taxonomy":"category","embeddable":true,"href":"https:\/\/webciudadana.net\/index.php?rest_route=%2Fwp%2Fv2%2Fcategories&post=49092"},{"taxonomy":"post_tag","embeddable":true,"href":"https:\/\/webciudadana.net\/index.php?rest_route=%2Fwp%2Fv2%2Ftags&post=49092"}],"curies":[{"name":"wp","href":"https:\/\/api.w.org\/{rel}","templated":true}]}}