{"id":49119,"date":"2024-01-09T10:57:00","date_gmt":"2024-01-09T09:57:00","guid":{"rendered":"https:\/\/ticker-noticiasep.microcontenidos.com\/NoticiaRSS.vbhtml?user=XRNR562DLR&amp;cod=20240109105700"},"modified":"2024-01-09T10:57:00","modified_gmt":"2024-01-09T09:57:00","slug":"la-fundacion-amancio-ortega-aportara-500-000-euros-a-feder-para-la-financiacion-de-actividades","status":"publish","type":"post","link":"https:\/\/webciudadana.net\/?p=49119","title":{"rendered":"La Fundaci\u00f3n Amancio Ortega aportar\u00e1 500.000 euros a FEDER para la financiaci\u00f3n de actividades"},"content":{"rendered":"\n<div><img decoding=\"async\" src=\"\/wp-content\/uploads\/sites\/2\/2024\/01\/la-fundacion-amancio-ortega-aportara-500-000-euros-a-feder-para-la-financiacion-de-actividades.jpg\" class=\"ff-og-image-inserted\"><\/div>\n<p> MADRID, 9 (EUROPA PRESS)<\/p>\n<p> La Fundaci\u00f3n Amancio Ortega y la Federaci\u00f3n Espa\u00f1ola de Enfermedades Raras (FEDER) han firmado un convenio de colaboraci\u00f3n que supone la aportaci\u00f3n de 500.000 euros para la financiaci\u00f3n de las actividades de FEDER destinadas a los pacientes de enfermedades raras y a sus familias.<\/p>\n<p> Seg\u00fan informan, con este acuerdo, FEDER podr\u00e1 impulsar las dos \u00e1reas b\u00e1sicas en las que trabaja: los servicios de terapia a los afectados y las ayudas a la investigaci\u00f3n en diagn\u00f3stico y tratamiento de enfermedades raras.<\/p>\n<p> En el \u00e1rea de terapias, la colaboraci\u00f3n permitir\u00e1 duplicar los fondos de la entidad destinados a abordar tratamientos que permitan la autonom\u00eda f\u00edsica y psicol\u00f3gica de ni\u00f1os y adultos, mediante t\u00e9cnicas innovadoras como la hidroterapia, la musicoterapia, la estimulaci\u00f3n cognitiva o la terapia sensorial.<\/p>\n<p> En el \u00e1rea de investigaci\u00f3n, la aportaci\u00f3n de la Fundaci\u00f3n Amancio Ortega permitir\u00e1 una ampliaci\u00f3n de la convocatoria anual de ayudas de FEDER a centros investigadores de Espa\u00f1a, permitiendo la incorporaci\u00f3n de l\u00edneas dedicadas a nuevas patolog\u00edas y el apoyo a nuevos proyectos de investigaci\u00f3n complementarios de otros ya existentes.<\/p>\n<p> FEDER nace en 1999 y desde su creaci\u00f3n hasta la fecha de hoy suma m\u00e1s de 400 organizaciones que trabajan para el apoyo a los pacientes de enfermedades raras y a sus familias; m\u00e1s de tres millones de personas en Espa\u00f1a. Con el objetivo de mejorar su calidad de vida, ofrecen una atenci\u00f3n multidisciplinar, orientando a los usuarios desde las perspectiva sociosanitaria, legal, educativa y psicol\u00f3gica.<\/p>\n<p> Por su parte, la Fundaci\u00f3n Amancio Ortega desarrolla proyectos en los \u00e1mbitos de la educaci\u00f3n y el bienestar social, a trav\u00e9s de iniciativas de gesti\u00f3n propia y acciones en colaboraci\u00f3n con instituciones consolidadas en la atenci\u00f3n a personas y colectivos vulnerables.<\/p>\n","protected":false},"excerpt":{"rendered":"<p>MADRID, 9 (EUROPA PRESS) La Fundaci\u00f3n Amancio Ortega y la Federaci\u00f3n Espa\u00f1ola de Enfermedades Raras (FEDER) han firmado un convenio de colaboraci\u00f3n que supone la aportaci\u00f3n de 500.000 euros para la financiaci\u00f3n de las actividades de FEDER destinadas a los pacientes de enfermedades raras y a sus familias. Seg\u00fan informan, con este acuerdo, FEDER podr\u00e1 [&hellip;]<\/p>\n","protected":false},"author":1,"featured_media":0,"comment_status":"closed","ping_status":"closed","sticky":false,"template":"","format":"standard","meta":{"footnotes":""},"categories":[],"tags":[],"class_list":["post-49119","post","type-post","status-publish","format-standard","hentry"],"_links":{"self":[{"href":"https:\/\/webciudadana.net\/index.php?rest_route=\/wp\/v2\/posts\/49119","targetHints":{"allow":["GET"]}}],"collection":[{"href":"https:\/\/webciudadana.net\/index.php?rest_route=\/wp\/v2\/posts"}],"about":[{"href":"https:\/\/webciudadana.net\/index.php?rest_route=\/wp\/v2\/types\/post"}],"author":[{"embeddable":true,"href":"https:\/\/webciudadana.net\/index.php?rest_route=\/wp\/v2\/users\/1"}],"replies":[{"embeddable":true,"href":"https:\/\/webciudadana.net\/index.php?rest_route=%2Fwp%2Fv2%2Fcomments&post=49119"}],"version-history":[{"count":0,"href":"https:\/\/webciudadana.net\/index.php?rest_route=\/wp\/v2\/posts\/49119\/revisions"}],"wp:attachment":[{"href":"https:\/\/webciudadana.net\/index.php?rest_route=%2Fwp%2Fv2%2Fmedia&parent=49119"}],"wp:term":[{"taxonomy":"category","embeddable":true,"href":"https:\/\/webciudadana.net\/index.php?rest_route=%2Fwp%2Fv2%2Fcategories&post=49119"},{"taxonomy":"post_tag","embeddable":true,"href":"https:\/\/webciudadana.net\/index.php?rest_route=%2Fwp%2Fv2%2Ftags&post=49119"}],"curies":[{"name":"wp","href":"https:\/\/api.w.org\/{rel}","templated":true}]}}