{"id":49139,"date":"2024-01-09T16:06:50","date_gmt":"2024-01-09T15:06:50","guid":{"rendered":"https:\/\/ticker-noticiasep.microcontenidos.com\/NoticiaRSS.vbhtml?user=XRNR562DLR&amp;cod=20240109160650"},"modified":"2024-01-09T16:06:50","modified_gmt":"2024-01-09T15:06:50","slug":"deusto-fundacion-la-caixa-y-caixabank-renuevan-su-colaboracion-en-proyectos-culturales-y-de-apoyo-al-voluntariado","status":"publish","type":"post","link":"https:\/\/webciudadana.net\/?p=49139","title":{"rendered":"Deusto, Fundaci\u00f3n &#8216;la Caixa&#8217; y CaixaBank renuevan su colaboraci\u00f3n en proyectos culturales y de apoyo al voluntariado"},"content":{"rendered":"\n<div><img decoding=\"async\" src=\"\/wp-content\/uploads\/sites\/2\/2024\/01\/deusto-fundacion-la-caixa-y-caixabank-renuevan-su-colaboracion-en-proyectos-culturales-y-de-apoyo-al-voluntariado.jpg\" class=\"ff-og-image-inserted\"><\/div>\n<p> BILBAO, 9 (EUROPA PRESS)<\/p>\n<p> La Universidad de Deusto, la Fundaci\u00f3n &#8216;la Caixa&#8217; y CaixaBank han renovado su colaboraci\u00f3n en iniciativas relacionadas con la atenci\u00f3n de estudiantes con dificultades econ\u00f3micas y en proyectos de atenci\u00f3n a colectivos en riesgo de inclusi\u00f3n.<\/p>\n<p> Este acuerdo tambi\u00e9n contempla el apoyo al voluntariado y a la oferta formativa para personas adultas, con una apuesta por la inclusi\u00f3n del \u00e1mbito de la salud.<\/p>\n<p> El rector de la Universidad de Deusto, Juan Jos\u00e9 Etxeberria, y el director territorial Norte de CaixaBank, Juan Pedro Badiola, han firmado el convenio, que recoge el compromiso conjunto de potenciar proyectos de inclusi\u00f3n social y sensibilizaci\u00f3n a trav\u00e9s del apoyo al voluntariado y la solidaridad, seg\u00fan han informado desde estas entidades.<\/p>\n<p> Esta cooperaci\u00f3n se har\u00e1 a trav\u00e9s de la feria del voluntariado, un espacio en el que la comunidad universitaria puede conocer el trabajo que desarrollan m\u00e1s de 60 organizaciones sociales y poder plantearse tomar parte activa en alguno de los diferentes programas de voluntariado.<\/p>\n<p> En relaci\u00f3n con las actividades a lo largo de la vida que se ofrecen desde la Escuela de Ciudadan\u00eda-DeustoBide, la relaci\u00f3n entre Deusto, la Fundaci\u00f3n &#8216;la Caixa&#8217; y CaixaBank tiene \u00abuna larga trayectoria\u00bb que, seg\u00fan han explicado, ha permitido ampliar el n\u00famero de cursos y, sobre todo, la actividad paralela que se realiza en torno a ellos como conferencias, actos, oferta cultural o debates.<\/p>\n<p> Se trata de una oferta no s\u00f3lo presente en el campus de Bilbao, sino que tambi\u00e9n se realiza en el campus de San Sebasti\u00e1n y en los municipios de Getxo, Azpeitia, Galdakao y Basauri.<\/p>\n<p> La colaboraci\u00f3n entre estas instituciones se inici\u00f3 en 2008 y desde entonces, fruto del trabajo colaborativo de las distintas facultades, institutos, centros y equipos de investigaci\u00f3n de la Universidad de Deusto junto con la Fundaci\u00f3n &#8216;la Caixa&#8217;, CaixaBank y la Escuela de Ciudadan\u00eda DeustoBide, \u00abse ha distinguido como un espacio privilegiado para potenciar el di\u00e1logo y los valores democr\u00e1ticos que contribuyen a un mayor desarrollo cultural y bienestar de la sociedad\u00bb, han resaltado sus responsables.<\/p>\n<p> Esta relaci\u00f3n ha permitido que la comunidad en torno al aprendizaje universitario a lo largo de la vida, liderado desde la Facultad de Ciencias Sociales y Humanas, \u00absiga en aumento\u00bb tanto en el n\u00famero de personas matriculadas, con m\u00e1s de 1.000 alumnos en el curso 2023-24, como en las actividades y entidades vinculadas.<\/p>\n<p> En este sentido, este a\u00f1o se ha realizado una apuesta por incluir el \u00e1mbito de la salud con el programa &#8216;Claves de Salud&#8217;, en el que est\u00e1n presentes temas de psicolog\u00eda, nutrici\u00f3n, salud preventiva o \u00abpediatr\u00eda para abuelos\u00bb.<\/p>\n<p> La alianza entre la Fundaci\u00f3n &#8216;la Caixa&#8217;, CaixaBank y Deusto se ampli\u00f3 hace cuatro a\u00f1os con la apuesta por la atenci\u00f3n a colectivos vulnerables, a trav\u00e9s de la C\u00e1tedra de Ocio y Discapacidad.<\/p>\n<p> Este centro, con m\u00e1s 25 a\u00f1os de actividad, centra sus acciones en la investigaci\u00f3n, la formaci\u00f3n y la gesti\u00f3n del conocimiento para garantizar y defender el derecho al ocio de las personas con discapacidad.<\/p>\n","protected":false},"excerpt":{"rendered":"<p>BILBAO, 9 (EUROPA PRESS) La Universidad de Deusto, la Fundaci\u00f3n &#8216;la Caixa&#8217; y CaixaBank han renovado su colaboraci\u00f3n en iniciativas relacionadas con la atenci\u00f3n de estudiantes con dificultades econ\u00f3micas y en proyectos de atenci\u00f3n a colectivos en riesgo de inclusi\u00f3n. Este acuerdo tambi\u00e9n contempla el apoyo al voluntariado y a la oferta formativa para personas [&hellip;]<\/p>\n","protected":false},"author":1,"featured_media":0,"comment_status":"closed","ping_status":"closed","sticky":false,"template":"","format":"standard","meta":{"footnotes":""},"categories":[],"tags":[],"class_list":["post-49139","post","type-post","status-publish","format-standard","hentry"],"_links":{"self":[{"href":"https:\/\/webciudadana.net\/index.php?rest_route=\/wp\/v2\/posts\/49139","targetHints":{"allow":["GET"]}}],"collection":[{"href":"https:\/\/webciudadana.net\/index.php?rest_route=\/wp\/v2\/posts"}],"about":[{"href":"https:\/\/webciudadana.net\/index.php?rest_route=\/wp\/v2\/types\/post"}],"author":[{"embeddable":true,"href":"https:\/\/webciudadana.net\/index.php?rest_route=\/wp\/v2\/users\/1"}],"replies":[{"embeddable":true,"href":"https:\/\/webciudadana.net\/index.php?rest_route=%2Fwp%2Fv2%2Fcomments&post=49139"}],"version-history":[{"count":0,"href":"https:\/\/webciudadana.net\/index.php?rest_route=\/wp\/v2\/posts\/49139\/revisions"}],"wp:attachment":[{"href":"https:\/\/webciudadana.net\/index.php?rest_route=%2Fwp%2Fv2%2Fmedia&parent=49139"}],"wp:term":[{"taxonomy":"category","embeddable":true,"href":"https:\/\/webciudadana.net\/index.php?rest_route=%2Fwp%2Fv2%2Fcategories&post=49139"},{"taxonomy":"post_tag","embeddable":true,"href":"https:\/\/webciudadana.net\/index.php?rest_route=%2Fwp%2Fv2%2Ftags&post=49139"}],"curies":[{"name":"wp","href":"https:\/\/api.w.org\/{rel}","templated":true}]}}