{"id":49148,"date":"2024-01-09T17:14:48","date_gmt":"2024-01-09T16:14:48","guid":{"rendered":"https:\/\/ticker-noticiasep.microcontenidos.com\/NoticiaRSS.vbhtml?user=XRNR562DLR&amp;cod=20240109171448"},"modified":"2024-01-09T17:14:48","modified_gmt":"2024-01-09T16:14:48","slug":"tla-y-ups-se-unen-por-la-empleabilidad-e-inclusion-de-mujeres-victimas-de-violencia-de-genero","status":"publish","type":"post","link":"https:\/\/webciudadana.net\/?p=49148","title":{"rendered":"TLA y UPS se unen por la empleabilidad e inclusi\u00f3n de mujeres v\u00edctimas de violencia de g\u00e9nero"},"content":{"rendered":"\n<div><img decoding=\"async\" src=\"\/wp-content\/uploads\/sites\/2\/2024\/01\/tla-y-ups-se-unen-por-la-empleabilidad-e-inclusion-de-mujeres-victimas-de-violencia-de-genero.jpg\" class=\"ff-og-image-inserted\"><\/div>\n<p> MADRID, 9 (EUROPA PRESS)<\/p>\n<p> TLA (Transporte y Log\u00edstica Avanzada) da comienzo a su iniciativa para la creaci\u00f3n de oportunidades laborales destinadas a mujeres v\u00edctimas de violencia de g\u00e9nero, para lo que contar\u00e1 con el apoyo de UPS.<\/p>\n<p> Este programa piloto, que llevaba a prueba desde el pasado mes de mayo en Madrid y que se extender\u00e1 en 2024 a otras provincias espa\u00f1olas, fomenta as\u00ed las oportunidades de empleo e inclusi\u00f3n social en distintas geograf\u00edas pues las mujeres contratadas formar\u00e1n parte de la plantilla realizando repartos de \u00faltima milla, ya sea a pie o mediante veh\u00edculos el\u00e9ctricos en aquellas zonas de menores emisiones y en el centro de las ciudades, contribuyendo as\u00ed a la sostenibilidad de las entregas.<\/p>\n<p> Adem\u00e1s de su colaboraci\u00f3n con TLA en este proyecto, UPS respalda la Fundaci\u00f3n Pilar Luis Coco, creada por TLA, que busca facilitar la entrada o reinserci\u00f3n laboral de colectivos en riesgo de exclusi\u00f3n y mujeres vulnerables.<\/p>\n<p> Con este proyecto, TLA y UPS tienen como objetivo ampliar el impacto positivo, tanto social como medioambiental en entornos urbanos, con la incorporaci\u00f3n de veh\u00edculos ecol\u00f3gicos, adem\u00e1s de fomentar la distribuci\u00f3n de \u00faltima milla sostenible con el prop\u00f3sito de transformar los centros urbanos en zonas con emisiones reducidas o nulas, como se\u00f1alan en un comunicado. <\/p>\n","protected":false},"excerpt":{"rendered":"<p>MADRID, 9 (EUROPA PRESS) TLA (Transporte y Log\u00edstica Avanzada) da comienzo a su iniciativa para la creaci\u00f3n de oportunidades laborales destinadas a mujeres v\u00edctimas de violencia de g\u00e9nero, para lo que contar\u00e1 con el apoyo de UPS. Este programa piloto, que llevaba a prueba desde el pasado mes de mayo en Madrid y que se [&hellip;]<\/p>\n","protected":false},"author":1,"featured_media":0,"comment_status":"closed","ping_status":"closed","sticky":false,"template":"","format":"standard","meta":{"footnotes":""},"categories":[],"tags":[],"class_list":["post-49148","post","type-post","status-publish","format-standard","hentry"],"_links":{"self":[{"href":"https:\/\/webciudadana.net\/index.php?rest_route=\/wp\/v2\/posts\/49148","targetHints":{"allow":["GET"]}}],"collection":[{"href":"https:\/\/webciudadana.net\/index.php?rest_route=\/wp\/v2\/posts"}],"about":[{"href":"https:\/\/webciudadana.net\/index.php?rest_route=\/wp\/v2\/types\/post"}],"author":[{"embeddable":true,"href":"https:\/\/webciudadana.net\/index.php?rest_route=\/wp\/v2\/users\/1"}],"replies":[{"embeddable":true,"href":"https:\/\/webciudadana.net\/index.php?rest_route=%2Fwp%2Fv2%2Fcomments&post=49148"}],"version-history":[{"count":0,"href":"https:\/\/webciudadana.net\/index.php?rest_route=\/wp\/v2\/posts\/49148\/revisions"}],"wp:attachment":[{"href":"https:\/\/webciudadana.net\/index.php?rest_route=%2Fwp%2Fv2%2Fmedia&parent=49148"}],"wp:term":[{"taxonomy":"category","embeddable":true,"href":"https:\/\/webciudadana.net\/index.php?rest_route=%2Fwp%2Fv2%2Fcategories&post=49148"},{"taxonomy":"post_tag","embeddable":true,"href":"https:\/\/webciudadana.net\/index.php?rest_route=%2Fwp%2Fv2%2Ftags&post=49148"}],"curies":[{"name":"wp","href":"https:\/\/api.w.org\/{rel}","templated":true}]}}