{"id":49154,"date":"2024-01-09T19:10:49","date_gmt":"2024-01-09T18:10:49","guid":{"rendered":"https:\/\/ticker-noticiasep.microcontenidos.com\/NoticiaRSS.vbhtml?user=XRNR562DLR&amp;cod=20240109191049"},"modified":"2024-01-09T19:10:49","modified_gmt":"2024-01-09T18:10:49","slug":"oei-y-unir-convocan-350-becas-de-maestrias-oficiales-y-titulo-propio-para-estudiantes-iberoamericanos","status":"publish","type":"post","link":"https:\/\/webciudadana.net\/?p=49154","title":{"rendered":"OEI y UNIR convocan 350 becas de maestr\u00edas oficiales y t\u00edtulo propio para estudiantes iberoamericanos"},"content":{"rendered":"\n<div><img decoding=\"async\" src=\"\/wp-content\/uploads\/sites\/2\/2024\/01\/oei-y-unir-convocan-350-becas-de-maestrias-oficiales-y-titulo-propio-para-estudiantes-iberoamericanos.jpg\" class=\"ff-og-image-inserted\"><\/div>\n<p> LOGRO\u00d1O, 9 (EUROPA PRESS)<\/p>\n<p> La Organizaci\u00f3n de Estados Iberoamericanos para la Educaci\u00f3n, la Ciencia y la Cultura (OEI) y la Universidad Internacional de La Rioja (UNIR) han anunciado este martes una nueva convocatoria de 350 becas de maestr\u00edas oficiales y t\u00edtulos propios, que permitir\u00e1n a los estudiantes iberoamericanos acceder a una educaci\u00f3n superior en l\u00ednea de m\u00e1xima calidad en el curso 2023-2024.<\/p>\n<p> En un acto celebrado en la sede de la OEI en Madrid, que ha sido encabezado por Mariano Jabonero, secretario general de esta entidad; y por Rafael Puyol, presidente de UNIR; ambos han firmado un nuevo convenio de cooperaci\u00f3n acad\u00e9mica que permitir\u00e1 a los beneficiarios de las becas estudiar programas formativos en tres instituciones educativas del Grupo Proeduca: UNIR, UNIR M\u00e9xico y Escuela de Posgrado Newman (situada en el Per\u00fa), adem\u00e1s de un programa propio impartido en UNIR.<\/p>\n<p> Tambi\u00e9n han participado del acto Ana Capilla, directora de Educaci\u00f3n Superior y Ciencia de la OEI; y Manuel Herrera, director acad\u00e9mico de Relaciones Internacionales de UNIR.<\/p>\n<p> Jabonero ha destacado que \u00abeste acuerdo forma parte de una alianza p\u00fablico-privada que para la OEI es importante y resulta muy grato. El grupo PROEDUCA muestra una proyecci\u00f3n educativa muy innovadora y gran acogida de su oferta educativa en Latinoam\u00e9rica. La educaci\u00f3n virtual ha dejado de ser secundaria en la regi\u00f3n para convertirse en esencial\u00bb.<\/p>\n<p> Desde su \u00f3ptica, \u00abhoy ya tiene un valor central que permite mejorar las vidas de las personas. Este convenio tiene como objetivo contribuir en esta direcci\u00f3n. Ambas instituciones prestamos un servicio de calidad: las becas abren oportunidades para muchas personas que no podr\u00edan acceder a este tipo de ense\u00f1anza. De este modo, podr\u00e1n mejorar sus oportunidades de vida para el futuro\u00bb.<\/p>\n<p> Puyol ha expresado su gratitud \u00abpor esta nueva oportunidad de firmar el convenio con la OEI para ofrecer a las instituciones educativas latinoamericanas una educaci\u00f3n superior en l\u00ednea de m\u00e1xima calidad. Nuestro deseo es seguir colaborando en Am\u00e9rica Latina y trabajar juntos\u00bb.<\/p>\n<p> \u00abImpulsar el desarrollo educativo a trav\u00e9s de un instrumento como las becas -ha agregado- permitir\u00e1 a estudiantes y profesores mejorar su formaci\u00f3n. Miles de ciudadanos latinoamericanos necesitan mayor formaci\u00f3n, pero no todos pueden estudiar con facilidad. Estas becas ayudan a resolver este problema. La iniciativa es un instrumento adecuado para poder conseguirlo. Y tambi\u00e9n para ayudar a los profesores de las universidades a que adquieran las competencias adecuadas\u00bb.<\/p>\n<p>\nCARACTER\u00cdSTICAS DE LA CONVOCATORIA<\/p>\n<p> Durante el acto, los responsables de UNIR y OEI han realizado una presentaci\u00f3n formal de la convocatoria, en la que desglosaron las principales caracter\u00edsticas de esta iniciativa.<\/p>\n<p> Ana Capilla, directora de Educaci\u00f3n Superior y Ciencia de la OEI, ha recordado que \u00abla OEI lleva trabajando a favor de la calidad en la educaci\u00f3n superior online en Am\u00e9rica Latina desde mucho antes de la pandemia. Este modelo ya ha dejado de ser secundario para tornarse indispensable en la regi\u00f3n. Necesit\u00e1bamos una referencia como la de UNIR, para obtener indicadores certeros de c\u00f3mo brindar una educaci\u00f3n en l\u00ednea de calidad, tanto para estudiantes como para profesores. Por nuestra parte estamos encantados de apoyar a la regi\u00f3n gracias a este convenio con PROEDUCA que otorga becas\u00bb.<\/p>\n<p> Por su parte, Manuel Herrera, director acad\u00e9mico de Relaciones Internacionales de UNIR, ha considerado que \u00abtodas las instituciones del grupo PROEDUCA, junto a la OEI, apoyan e Am\u00e9rica Latina. Estas becas reafirman ese compromiso, no solo para estudiantes, sino para los profesores de la regi\u00f3n. El profesorado es un colectivo que necesita una formaci\u00f3n constante, en una sociedad en permanente cambio. UNIR ya ha formado a m\u00e1s de 2.000 profesores en la regi\u00f3n junto a la OEI\u00bb.<\/p>\n<p> Adem\u00e1s, ha subrayado que \u00abnuestra instituci\u00f3n promueve foros y espacios donde se pueda debatir sobre la calidad educativa y sobre los desaf\u00edos en materia de acreditaci\u00f3n. Como ejemplo de ello, en breve celebraremos en Guayaquil un encuentro en el que tambi\u00e9n participar\u00e1 Ana Capilla, en representaci\u00f3n de la OEI. Esto demuestra una vez m\u00e1s que el grupo PROEDUCA es solidario con Am\u00e9rica Latina, y apuesta por la formaci\u00f3n del capital humano en la regi\u00f3n\u00bb.<\/p>\n<p>\n350 BECAS OFERTADAS<\/p>\n<p> El nuevo programa de 350 becas acad\u00e9micas para estudiar en instituciones educativas del grupo PROEDUCA, que ser\u00e1n otorgadas por medio de la OEI en su calidad de patrocinador, tiene una serie de caracter\u00edsticas, as\u00ed como ciertos requisitos necesarios para poder postular.<\/p>\n<p> UNIR oferta 250 becas, distribuidas de la siguiente manera: 50 cubren la mitad del coste total de matr\u00edcula para alumnos de Latinoam\u00e9rica. Ese segmento de becas aplicar\u00e1 en 34 programas de maestr\u00edas participantes en diferentes \u00e1reas del conocimiento como educaci\u00f3n, ciencias, cuya duraci\u00f3n ser\u00e1 de un a\u00f1o acad\u00e9mico.<\/p>\n<p> El plazo para aplicar a las becas para maestr\u00edas de UNIR comienza el 9 de enero de 2024 y finaliza el 29 de febrero.<\/p>\n<p> Por otra parte, UNIR han anunciado que esta universidad pone a disposici\u00f3n de la OEI una convocatoria de 200 becas totales gratuitas para docentes, 100 de ellas para la realizaci\u00f3n del curso Educaci\u00f3n en Competencias Digitales y las otras 100 para el Curso de Inteligencia Artificial en L\u00ednea.<\/p>\n<p> Respecto a UNIR M\u00e9xico, ofrece 50 becas que cubren la reducci\u00f3n del 60 por ciento de descuento sobre el costo total de matr\u00edculas para programas de maestr\u00edas pertenecientes a las \u00e1reas del conocimiento de derechos humanos, educaci\u00f3n, cultura y otros, cuya duraci\u00f3n ser\u00e1 de 18 meses.<\/p>\n<p> Finalmente, la Escuela de Posgrado Newman, ubicada en Per\u00fa, brinda 50 becas que cubren la reducci\u00f3n del 60 por ciento de descuento sobre el costo total de matr\u00edculas para programas de maestr\u00eda relacionadas con la gesti\u00f3n empresarial, cuya duraci\u00f3n es de un a\u00f1o acad\u00e9mico.<\/p>\n<p>\nPARA ALUMNOS LATINOAMERICANOS<\/p>\n<p> En todos los casos, las ayudas son referidas a titulaciones que se cursar\u00e1n en modalidad online y en espa\u00f1ol, para alumnos con nacionalidad o residentes en los estados miembros de Am\u00e9rica Latina de la OEI. Para aspirar a ellas, los potenciales beneficiarios tendr\u00e1n que haber finalizado el proceso de admisi\u00f3n en el programa de estudios de cualquiera de las instituciones seleccionadas, asimismo no haber recibido con anterioridad otra beca de la OEI o PROEDUCA, entre otras condiciones.<\/p>\n<p> Representantes de las instituciones educativas del Grupo PROEDUCA y de la OEI conformar\u00e1n un Comit\u00e9 Especializado para la selecci\u00f3n de los becados. Para obtener informaci\u00f3n detallada sobre el perfil requerido para cada programa de estudios, los interesados pueden visitar los sitios webs de las diferentes instituciones de PROEDUCA:<\/p>\n<p>\nhttps:\/\/www.unir.net\/, https:\/\/mexico.unir.net\/<\/p>\n<p> y https:\/\/www.epnewman.edu.pe\/.<\/p>\n<p> Asimismo, los resultados del proceso de evaluaci\u00f3n y selecci\u00f3n de las becas ser\u00e1n publicados en la web de la OEI: https:\/\/oei.int\/.<\/p>\n<p> Esta nueva edici\u00f3n de becas OEI-UNIR supone la consolidaci\u00f3n de la colaboraci\u00f3n existente entre las dos instituciones. De este modo, el grupo PROEDUCA y la OEI desean apoyar a los estudiantes latinoamericanos para que puedan ampliar sus estudios universitarios. Asimismo, ambas instituciones fortalecen su cooperaci\u00f3n en la construcci\u00f3n de un espacio compartido de educaci\u00f3n superior e investigaci\u00f3n en Iberoam\u00e9rica.<\/p>\n","protected":false},"excerpt":{"rendered":"<p>LOGRO\u00d1O, 9 (EUROPA PRESS) La Organizaci\u00f3n de Estados Iberoamericanos para la Educaci\u00f3n, la Ciencia y la Cultura (OEI) y la Universidad Internacional de La Rioja (UNIR) han anunciado este martes una nueva convocatoria de 350 becas de maestr\u00edas oficiales y t\u00edtulos propios, que permitir\u00e1n a los estudiantes iberoamericanos acceder a una educaci\u00f3n superior en l\u00ednea [&hellip;]<\/p>\n","protected":false},"author":1,"featured_media":0,"comment_status":"closed","ping_status":"closed","sticky":false,"template":"","format":"standard","meta":{"footnotes":""},"categories":[],"tags":[],"class_list":["post-49154","post","type-post","status-publish","format-standard","hentry"],"_links":{"self":[{"href":"https:\/\/webciudadana.net\/index.php?rest_route=\/wp\/v2\/posts\/49154","targetHints":{"allow":["GET"]}}],"collection":[{"href":"https:\/\/webciudadana.net\/index.php?rest_route=\/wp\/v2\/posts"}],"about":[{"href":"https:\/\/webciudadana.net\/index.php?rest_route=\/wp\/v2\/types\/post"}],"author":[{"embeddable":true,"href":"https:\/\/webciudadana.net\/index.php?rest_route=\/wp\/v2\/users\/1"}],"replies":[{"embeddable":true,"href":"https:\/\/webciudadana.net\/index.php?rest_route=%2Fwp%2Fv2%2Fcomments&post=49154"}],"version-history":[{"count":0,"href":"https:\/\/webciudadana.net\/index.php?rest_route=\/wp\/v2\/posts\/49154\/revisions"}],"wp:attachment":[{"href":"https:\/\/webciudadana.net\/index.php?rest_route=%2Fwp%2Fv2%2Fmedia&parent=49154"}],"wp:term":[{"taxonomy":"category","embeddable":true,"href":"https:\/\/webciudadana.net\/index.php?rest_route=%2Fwp%2Fv2%2Fcategories&post=49154"},{"taxonomy":"post_tag","embeddable":true,"href":"https:\/\/webciudadana.net\/index.php?rest_route=%2Fwp%2Fv2%2Ftags&post=49154"}],"curies":[{"name":"wp","href":"https:\/\/api.w.org\/{rel}","templated":true}]}}