{"id":49175,"date":"2024-01-10T12:49:11","date_gmt":"2024-01-10T11:49:11","guid":{"rendered":"https:\/\/ticker-noticiasep.microcontenidos.com\/NoticiaRSS.vbhtml?user=XRNR562DLR&amp;cod=20240110124911"},"modified":"2024-01-10T12:49:11","modified_gmt":"2024-01-10T11:49:11","slug":"presentacion-asociacion-ignacio-echeverria-miralles-de-imperial","status":"publish","type":"post","link":"https:\/\/webciudadana.net\/?p=49175","title":{"rendered":"Presentaci\u00f3n Asociaci\u00f3n \u00abIgnacio Echeverr\u00eda Miralles de Imperial\u00bb"},"content":{"rendered":"\n<div><img decoding=\"async\" src=\"\/wp-content\/uploads\/sites\/2\/2024\/01\/presentacion-asociacion-ignacio-echeverria-miralles-de-imperial.jpg\" class=\"ff-og-image-inserted\"><\/div>\n<p>(Informaci\u00f3n remitida por la empresa firmante)<\/p>\n<p>\nMadrid, 10 de enero de 2024.<\/p>\n<p> Joaqu\u00edn Echeverr\u00eda presentar\u00e1 la asociaci\u00f3n, as\u00ed como la misi\u00f3n, visi\u00f3n y valores de la misma<\/p>\n<p>\nEl presidente de la Asociaci\u00f3n \u00abIgnacio Echeverr\u00eda Miralles de Imperial\u00bb (AIE), Joaqu\u00edn Echeverr\u00eda, presentar\u00e1 oficialmente el pr\u00f3ximo 18 de enero de 2024 a las 19 horas en el Aula Magna de la Universidad San Pablo CEU (c\/ Juli\u00e1n Romea, 23 de Madrid).<\/p>\n<p> El objetivo de la asociaci\u00f3n es dar a conocer los valores de Ignacio Echeverr\u00eda que le hicieron tener un comportamiento heroico que le cost\u00f3 la vida en el atentado terrorista de Londres el 3 de junio de 2017. La asociaci\u00f3n estar\u00e1 dirigida al conjunto de la sociedad y tendr\u00e1 un car\u00e1cter universal y aconfesional.<\/p>\n<p> La misi\u00f3n de la Asociaci\u00f3n Ignacio Echeverr\u00eda Miralles de Imperial (AIE) es comunicar al conjunto de la sociedad qu\u00e9 valores llevaron a Ignacio Echeverr\u00eda al acto heroico que le cost\u00f3 la vida. Su formaci\u00f3n como persona le forj\u00f3 un car\u00e1cter que le imped\u00eda aceptar las injusticias, defend\u00eda al d\u00e9bil, ser inconformista, tener una actitud de superaci\u00f3n a trav\u00e9s del esfuerzo y disfrutar de la vida. Estos valores son los que quiere transmitir la Asociaci\u00f3n Ignacio Echeverr\u00eda Miralles de Imperial (AIE) al conjunto de la sociedad, especialmente a los m\u00e1s j\u00f3venes.<\/p>\n<p> El presidente de la Asociaci\u00f3n, Ignacio Echeverria Miralles de Imperial (AIE) est\u00e1 disponible para atender a los medios de comunicaci\u00f3n, adem\u00e1s del propio d\u00eda de la presentaci\u00f3n, los d\u00edas previos al mismo, contactando previamente a trav\u00e9s de correo electr\u00f3nico para la organizaci\u00f3n de su agenda.<\/p>\n<p> Ignacio Echeverr\u00eda Miralles de Imperial ha recibido, entre otras muchas distinciones, por su acto heroico las siguientes distinciones honor\u00edficas:<\/p>\n<p>\n\u00b7**Gran Cruz de la*Orden del M\u00e9rito Civil, a t\u00edtulo p\u00f3stumo (2017).<\/p>\n<p>\n\u00b7**Gran Cruz de la*Real Orden de Reconocimiento Civil a las V\u00edctimas del Terrorismo, a t\u00edtulo p\u00f3stumo (2018).?<\/p>\n<p>\n\u00b7**Medalla de plata al M\u00e9rito Policial, a t\u00edtulo p\u00f3stumo (2017).<\/p>\n<p>\n\u00b7**Medalla de oro de la Comunidad de Madrid, a t\u00edtulo p\u00f3stumo (2019).?<\/p>\n<p>\n\u00b7**Medalla de Honor de*Las Rozas de Madrid, concedida por primera vez, a t\u00edtulo p\u00f3stumo (2017).<\/p>\n<p>\n\u00b7**Medalla de Jorge, a t\u00edtulo p\u00f3stumo (2018).?<\/p>\n<p>\n\u00b7**La prestigiosa universidad francesa La Sorbona, donde realiz\u00f3 estudios, le concede la medalla Richelieu<\/p>\n<p>\nContacto<\/p>\n<p>\nNombre contacto: Joaquin Echeverr\u00eda<\/p>\n<p>\nDescripci\u00f3n contacto: Asociaci\u00f3n Ignacio Echeverr\u00eda<\/p>\n<p>\nTel\u00e9fono de contacto: 910052747<\/p>\n","protected":false},"excerpt":{"rendered":"<p>(Informaci\u00f3n remitida por la empresa firmante) Madrid, 10 de enero de 2024. Joaqu\u00edn Echeverr\u00eda presentar\u00e1 la asociaci\u00f3n, as\u00ed como la misi\u00f3n, visi\u00f3n y valores de la misma El presidente de la Asociaci\u00f3n \u00abIgnacio Echeverr\u00eda Miralles de Imperial\u00bb (AIE), Joaqu\u00edn Echeverr\u00eda, presentar\u00e1 oficialmente el pr\u00f3ximo 18 de enero de 2024 a las 19 horas en el [&hellip;]<\/p>\n","protected":false},"author":1,"featured_media":0,"comment_status":"closed","ping_status":"closed","sticky":false,"template":"","format":"standard","meta":{"footnotes":""},"categories":[],"tags":[],"class_list":["post-49175","post","type-post","status-publish","format-standard","hentry"],"_links":{"self":[{"href":"https:\/\/webciudadana.net\/index.php?rest_route=\/wp\/v2\/posts\/49175","targetHints":{"allow":["GET"]}}],"collection":[{"href":"https:\/\/webciudadana.net\/index.php?rest_route=\/wp\/v2\/posts"}],"about":[{"href":"https:\/\/webciudadana.net\/index.php?rest_route=\/wp\/v2\/types\/post"}],"author":[{"embeddable":true,"href":"https:\/\/webciudadana.net\/index.php?rest_route=\/wp\/v2\/users\/1"}],"replies":[{"embeddable":true,"href":"https:\/\/webciudadana.net\/index.php?rest_route=%2Fwp%2Fv2%2Fcomments&post=49175"}],"version-history":[{"count":0,"href":"https:\/\/webciudadana.net\/index.php?rest_route=\/wp\/v2\/posts\/49175\/revisions"}],"wp:attachment":[{"href":"https:\/\/webciudadana.net\/index.php?rest_route=%2Fwp%2Fv2%2Fmedia&parent=49175"}],"wp:term":[{"taxonomy":"category","embeddable":true,"href":"https:\/\/webciudadana.net\/index.php?rest_route=%2Fwp%2Fv2%2Fcategories&post=49175"},{"taxonomy":"post_tag","embeddable":true,"href":"https:\/\/webciudadana.net\/index.php?rest_route=%2Fwp%2Fv2%2Ftags&post=49175"}],"curies":[{"name":"wp","href":"https:\/\/api.w.org\/{rel}","templated":true}]}}