{"id":49177,"date":"2024-01-10T13:17:00","date_gmt":"2024-01-10T12:17:00","guid":{"rendered":"https:\/\/ticker-noticiasep.microcontenidos.com\/NoticiaRSS.vbhtml?user=XRNR562DLR&amp;cod=20240110131700"},"modified":"2024-01-10T13:17:00","modified_gmt":"2024-01-10T12:17:00","slug":"la-iniciativa-12-meses-12-causas-de-mediaset-pondra-el-foco-en-infancia-mayores-salud-o-accesibilidad-en-2024","status":"publish","type":"post","link":"https:\/\/webciudadana.net\/?p=49177","title":{"rendered":"La iniciativa &#8217;12 meses, 12 causas&#8217; de Mediaset pondr\u00e1 el foco en infancia, mayores, salud o accesibilidad en 2024"},"content":{"rendered":"\n<div><img decoding=\"async\" src=\"\/wp-content\/uploads\/sites\/2\/2024\/01\/la-iniciativa-12-meses-12-causas-de-mediaset-pondra-el-foco-en-infancia-mayores-salud-o-accesibilidad-en-2024.jpg\" class=\"ff-og-image-inserted\"><\/div>\n<p> MADRID, 10 (EUROPA PRESS)<\/p>\n<p> La iniciativa de comunicaci\u00f3n social de Mediaset Espa\u00f1a &#8217;12 Meses, 12 Causas, que cumple 25 a\u00f1os, pondr\u00e1 el foco en 2024 en la protecci\u00f3n de la infancia, el respeto y cuidado de los mayores, la prevenci\u00f3n de la salud, la protecci\u00f3n de personas en riesgo de exclusi\u00f3n social y la accesibilidad, entre otros asuntos.<\/p>\n<p> \u00ab&#8217;12 Meses, 12 Causas&#8217; es parte del ADN de Mediaset Espa\u00f1a. Cumplimos 25 a\u00f1os con este proyecto y como medio de comunicaci\u00f3n tenemos la voluntad y el deber de prestar atenci\u00f3n a la comunicaci\u00f3n social. La elecci\u00f3n de las causas que vamos a fomentar este a\u00f1o no ha sido una decisi\u00f3n nada f\u00e1cil porque como sociedad estamos viviendo momentos de cambios y de dificultad\u00bb, ha explicado el consejero delegado de Mediaset Espa\u00f1a, Alessandro Salem, en el Foro de la Nueva Comunicaci\u00f3n en el Casino Gran C\u00edrculo de Madrid.<\/p>\n<p> En su nueva andadura, &#8217;12 Meses, 12 Causas&#8217;, que naci\u00f3 en enero de 2000 como un proyecto solidario, recuperar\u00e1 su esencia poniendo el foco en una causa al mes, un plan de acci\u00f3n que plasma el &#8216;spot&#8217; institucional que la cadena estrenar\u00e1 este jueves y que estar\u00e1 en antena hasta el pr\u00f3ximo 31 de enero en los distintos canales del grupo, seg\u00fan ha informado Mediaset Espa\u00f1a.<\/p>\n<p> En concreto, el mes de enero estar\u00e1 dedicado a la sensibilizaci\u00f3n mediante un anuncio que dar\u00e1 a conocer los principios que articulan la campa\u00f1a; febrero, con Marta Flich como embajadora y la colaboraci\u00f3n de FAD Juventud, har\u00e1 hincapi\u00e9 en la utilizaci\u00f3n responsable del m\u00f3vil entre los j\u00f3venes; marzo, con Santi Acosta y Plan International, estar\u00e1 dedicado a la protecci\u00f3n de los ni\u00f1os y ni\u00f1as frente a todas formas de violencia, y abril, a la prevenci\u00f3n del c\u00e1ncer, con Ion Aramendi y la Asociaci\u00f3n Espa\u00f1ola Contra el C\u00e1ncer (AECC).<\/p>\n<p> En mayo, la campa\u00f1a advertir\u00e1 del acoso escolar, con Lara \u00c1lvarez como embajadora y la colaboraci\u00f3n de la Fundaci\u00f3n ANAR; en junio, incidir\u00e1 en la importancia de la donaci\u00f3n de \u00f3rganos, con Carlos Franganillo y la Organizaci\u00f3n Nacional de Trasplantes (ONT); en julio, pondr\u00e1 en valor el respeto y el cuidado de los mayores, con Beatriz Archidona y la Fundaci\u00f3n Amigos de los Mayores, y en agosto, visibilizar\u00e1 la Esclerosis Lateral Amiotr\u00f3fica (ELA), con Joaqu\u00edn Prat y la Fundaci\u00f3n Luz\u00f3n.<\/p>\n<p> El mes de septiembre estar\u00e1 dedicado a los cuidados al cuidador de las personas con Alzh\u00e9imer, con Carlos Sobera, la Confederaci\u00f3n Espa\u00f1ola de Alzheimer y otras demencias (CEAFA) y la Fundaci\u00f3n Reina Sof\u00eda; octubre, a la salud mental, con \u00c1geles Blanco; noviembre, a la Gran Recogida de Alimentos, con Ana Rosa Quintana y la Federaci\u00f3n Espa\u00f1ola de Bancos de Alimentos (FESBAL), y diciembre, a la accesibilidad y la eliminaci\u00f3n de las barreras f\u00edsicas, comunicacionales y cognitivas, con Ana Terradillos y el Comit\u00e9 Espa\u00f1ol de Representantes de Personas con Discapacidad (CERMI).<\/p>\n","protected":false},"excerpt":{"rendered":"<p>MADRID, 10 (EUROPA PRESS) La iniciativa de comunicaci\u00f3n social de Mediaset Espa\u00f1a &#8217;12 Meses, 12 Causas, que cumple 25 a\u00f1os, pondr\u00e1 el foco en 2024 en la protecci\u00f3n de la infancia, el respeto y cuidado de los mayores, la prevenci\u00f3n de la salud, la protecci\u00f3n de personas en riesgo de exclusi\u00f3n social y la accesibilidad, [&hellip;]<\/p>\n","protected":false},"author":1,"featured_media":0,"comment_status":"closed","ping_status":"closed","sticky":false,"template":"","format":"standard","meta":{"footnotes":""},"categories":[],"tags":[],"class_list":["post-49177","post","type-post","status-publish","format-standard","hentry"],"_links":{"self":[{"href":"https:\/\/webciudadana.net\/index.php?rest_route=\/wp\/v2\/posts\/49177","targetHints":{"allow":["GET"]}}],"collection":[{"href":"https:\/\/webciudadana.net\/index.php?rest_route=\/wp\/v2\/posts"}],"about":[{"href":"https:\/\/webciudadana.net\/index.php?rest_route=\/wp\/v2\/types\/post"}],"author":[{"embeddable":true,"href":"https:\/\/webciudadana.net\/index.php?rest_route=\/wp\/v2\/users\/1"}],"replies":[{"embeddable":true,"href":"https:\/\/webciudadana.net\/index.php?rest_route=%2Fwp%2Fv2%2Fcomments&post=49177"}],"version-history":[{"count":0,"href":"https:\/\/webciudadana.net\/index.php?rest_route=\/wp\/v2\/posts\/49177\/revisions"}],"wp:attachment":[{"href":"https:\/\/webciudadana.net\/index.php?rest_route=%2Fwp%2Fv2%2Fmedia&parent=49177"}],"wp:term":[{"taxonomy":"category","embeddable":true,"href":"https:\/\/webciudadana.net\/index.php?rest_route=%2Fwp%2Fv2%2Fcategories&post=49177"},{"taxonomy":"post_tag","embeddable":true,"href":"https:\/\/webciudadana.net\/index.php?rest_route=%2Fwp%2Fv2%2Ftags&post=49177"}],"curies":[{"name":"wp","href":"https:\/\/api.w.org\/{rel}","templated":true}]}}