{"id":49202,"date":"2024-01-10T19:23:48","date_gmt":"2024-01-10T18:23:48","guid":{"rendered":"https:\/\/ticker-noticiasep.microcontenidos.com\/NoticiaRSS.vbhtml?user=XRNR562DLR&amp;cod=20240110192348"},"modified":"2024-01-10T19:23:48","modified_gmt":"2024-01-10T18:23:48","slug":"el-sector-empresarial-se-reune-en-valencia-con-los-scrap-de-espana-ante-las-nuevas-obligaciones-del-decreto-de-envases","status":"publish","type":"post","link":"https:\/\/webciudadana.net\/?p=49202","title":{"rendered":"El sector empresarial se re\u00fane en Valencia con los SCRAP de Espa\u00f1a ante las nuevas obligaciones del decreto de envases"},"content":{"rendered":"\n<p> VAL\u00c8NCIA, 10 (EUROPA PRESS)<\/p>\n<p> Los Sistemas Colectivos de Responsabilidad Ampliada del Productor (SCRAP) de Espa\u00f1a y las empresas se re\u00fanen por primera vez en un evento que se celebrar\u00e1 en Valencia para abordar las nuevas obligaciones empresariales relacionadas con la gesti\u00f3n de residuos de envases industriales y comerciales, impuestas por el Real Decreto de envases y residuos de envases.<\/p>\n<p> Este encuentro, coorganizado por el Cl\u00faster de Innovaci\u00f3n de Envase y Embalaje y la Confederaci\u00f3n Empresarial de la Comunitat Valenciana (CEV), tendr\u00e1 lugar el 17 de enero en el Auditorio de la CEV, en Val\u00e8ncia, seg\u00fan ha informado la organizaci\u00f3n en un comunicado.<\/p>\n<p> La jornada contar\u00e1 con la participaci\u00f3n de todos los SCRAP que existen actualmente a nivel nacional, entre ellos, Envalora, Ecovidrio, Genci, Implica, Procircular, Ecolec Envases, Punto Greta, Recyclia, Aevae, Cart\u00f3n Circular, Sigfito y Ecoembes. Todas estas entidades de recogida y transporte o plantas de tratamiento y reciclaje aprovechar\u00e1n la ocasi\u00f3n para presentar sus sistemas y tambi\u00e9n contar\u00e1n con stands para ampliar la informaci\u00f3n que requieran los asistentes.<\/p>\n<p> Uno de los puntos destacados del evento es la ponencia de Jorge Blanco, director general de Calidad Ambiental y Educaci\u00f3n Ambiental de la Conselleria de Medio Ambiente de la Generalitat, y de Enrique L\u00f3pez, jefe de Servicio de Prevenci\u00f3n, Reutilizaci\u00f3n, Fomento del Reciclaje y Gesti\u00f3n Circular de Recursos de la Conselleria de Medio Ambiente de la Generalitat Valenciana, sobre &#8216;Nuevas obligaciones empresariales de gesti\u00f3n de envases comerciales e industriales. El papel de los SCRAP&#8217;.<\/p>\n<p> Los ponentes trasladar\u00e1n a las empresas la importancia de estos sistemas, que han adoptado un \u00abpapel imprescindible creando una cadena de valor que garantiza la gesti\u00f3n sostenible de los residuos y la econom\u00eda circular\u00bb, ha se\u00f1alado.<\/p>\n<p> De esta manera, las entidades podr\u00e1n aclarar las dudas que puedan surgir en relaci\u00f3n con las novedades legislativas y de conocer \u00abde primera mano\u00bb la oferta de cada uno de los SCRAP que operan en la actualidad \u00abcon el objetivo de facilitarles el cumplimiento de estos requisitos\u00bb. Asimismo, se abordar\u00e1 su papel en las nuevas obligaciones empresariales de gesti\u00f3n de envases comerciales e industriales.<\/p>\n<p> Seg\u00fan la organizaci\u00f3n, los SCRAP llevan a cabo un papel \u00abfundamental\u00bb en la gesti\u00f3n sostenible de residuos en Espa\u00f1a y ofrecen diversos \u00abbeneficios significativos\u00bb para la sociedad y para el medio ambiente al facilitar la recogida selectiva y el reciclaje de los materiales, \u00abevitando as\u00ed que acaben en vertederos y disminuyendo la extracci\u00f3n de recursos naturales\u00bb. Este enfoque se traduce en una \u00abreducci\u00f3n significativa\u00bb de la huella ambiental y en un \u00abpapel crucial\u00bb en la batalla contra el cambio clim\u00e1tico. <\/p>\n","protected":false},"excerpt":{"rendered":"<p>VAL\u00c8NCIA, 10 (EUROPA PRESS) Los Sistemas Colectivos de Responsabilidad Ampliada del Productor (SCRAP) de Espa\u00f1a y las empresas se re\u00fanen por primera vez en un evento que se celebrar\u00e1 en Valencia para abordar las nuevas obligaciones empresariales relacionadas con la gesti\u00f3n de residuos de envases industriales y comerciales, impuestas por el Real Decreto de envases [&hellip;]<\/p>\n","protected":false},"author":1,"featured_media":0,"comment_status":"closed","ping_status":"closed","sticky":false,"template":"","format":"standard","meta":{"footnotes":""},"categories":[],"tags":[],"class_list":["post-49202","post","type-post","status-publish","format-standard","hentry"],"_links":{"self":[{"href":"https:\/\/webciudadana.net\/index.php?rest_route=\/wp\/v2\/posts\/49202","targetHints":{"allow":["GET"]}}],"collection":[{"href":"https:\/\/webciudadana.net\/index.php?rest_route=\/wp\/v2\/posts"}],"about":[{"href":"https:\/\/webciudadana.net\/index.php?rest_route=\/wp\/v2\/types\/post"}],"author":[{"embeddable":true,"href":"https:\/\/webciudadana.net\/index.php?rest_route=\/wp\/v2\/users\/1"}],"replies":[{"embeddable":true,"href":"https:\/\/webciudadana.net\/index.php?rest_route=%2Fwp%2Fv2%2Fcomments&post=49202"}],"version-history":[{"count":0,"href":"https:\/\/webciudadana.net\/index.php?rest_route=\/wp\/v2\/posts\/49202\/revisions"}],"wp:attachment":[{"href":"https:\/\/webciudadana.net\/index.php?rest_route=%2Fwp%2Fv2%2Fmedia&parent=49202"}],"wp:term":[{"taxonomy":"category","embeddable":true,"href":"https:\/\/webciudadana.net\/index.php?rest_route=%2Fwp%2Fv2%2Fcategories&post=49202"},{"taxonomy":"post_tag","embeddable":true,"href":"https:\/\/webciudadana.net\/index.php?rest_route=%2Fwp%2Fv2%2Ftags&post=49202"}],"curies":[{"name":"wp","href":"https:\/\/api.w.org\/{rel}","templated":true}]}}