{"id":49208,"date":"2024-01-11T10:01:19","date_gmt":"2024-01-11T09:01:19","guid":{"rendered":"https:\/\/ticker-noticiasep.microcontenidos.com\/NoticiaRSS.vbhtml?user=XRNR562DLR&amp;cod=20240111100119"},"modified":"2024-01-11T10:01:19","modified_gmt":"2024-01-11T09:01:19","slug":"mundo-el-especialista-en-la-fabrica-leadec-inicia-su-actividad-en-espana","status":"publish","type":"post","link":"https:\/\/webciudadana.net\/?p=49208","title":{"rendered":"Mundo: El especialista en la f\u00e1brica Leadec inicia su actividad en Espa\u00f1a"},"content":{"rendered":"\n<div><img decoding=\"async\" src=\"\/wp-content\/uploads\/sites\/2\/2024\/01\/mundo-el-especialista-en-la-fabrica-leadec-inicia-su-actividad-en-espana.jpg\" class=\"ff-og-image-inserted\"><\/div>\n<p>(Informaci\u00f3n remitida por la empresa firmante)<\/p>\n<p>\nSTUTTGART, Alemania y MADRID, 11 de enero de 2024 \/PRNewswire\/ &#8212; \u00a1Vamos, Leadec! El l\u00edder global especializado en la prestaci\u00f3n de servicios para todo el ciclo de vida de la f\u00e1brica ampl\u00eda sus actividades a Espa\u00f1a. De este modo, la empresa estar\u00e1 representada en 16 pa\u00edses. Con la fundaci\u00f3n de Leadec S.L., empresas industriales de la pen\u00ednsula ib\u00e9rica tambi\u00e9n se beneficiar\u00e1n ahora de la competencia t\u00e9cnica y los m\u00e1s de 60 a\u00f1os de experiencia de Leadec.<\/p>\n<p>\n\u00abNuestra sociedad espa\u00f1ola con sede principal en Madrid es el primer servicio de atenci\u00f3n para los clientes industriales en la regi\u00f3n. Con nuestros servicios, podemos apoyarlos en todas y cada una de las fases de la producci\u00f3n, con conocimiento t\u00e9cnico, equipos de primera y procesos digitalizados\u00bb, afirma Paulina Lujan, Gerente de Leadec S.L., que tambi\u00e9n dirige la sociedad portuguesa Leadec Unipessoal Lda. de nueva creaci\u00f3n.<\/p>\n<p> Facility Management integrado en diferentes emplazamientos<\/p>\n<p>\nPara una empresa de prestaci\u00f3n de servicios y tecnolog\u00eda internacional, Leadec asume en Espa\u00f1a a partir de 2024 una tarea plurianual de Facility Management integrado. Esta abarca un total de seis pa\u00edses: junto con Espa\u00f1a y Portugal, se incluyen tambi\u00e9n Gran Breta\u00f1a, Polonia, Eslovaquia y Rep\u00fablica Checa, donde Leadec ya est\u00e1 representada. Para los mismos clientes, Leadec es responsable desde 2022 del Facility Management integrado en centros en Brasil y M\u00e9xico.<\/p>\n<p> El modelo operativo, especialmente desarrollado para los requisitos del cliente con los mismos est\u00e1ndares para todos los centros, se desplegar\u00e1 tambi\u00e9n en Europa. Se trata de un paquete hecho a medida de los servicios t\u00e9cnicos y de infraestructura del Facility Management como la instalaci\u00f3n y el mantenimiento de sistemas el\u00e9ctricos, la calefacci\u00f3n, la ventilaci\u00f3n, la climatizaci\u00f3n, la iluminaci\u00f3n, el aire comprimido, as\u00ed como servicios de conserjer\u00eda, cuidado de espacios verdes y de otro tipo.<\/p>\n<p> La f\u00e1brica es nuestro h\u00e1bitat natural desde hace m\u00e1s de 60 a\u00f1os<\/p>\n<p>\n\u00abVemos un gran potencial en Espa\u00f1a, el sector de la fabricaci\u00f3n es s\u00f3lido y otros sectores han experimentado un crecimiento din\u00e1mico durante los \u00faltimos a\u00f1os. Con nuestra amplia cartera de servicios, podemos ayudar a nuestros clientes a mantener sus f\u00e1bricas en funcionamiento y concentrarse en sus competencias principales\u00bb, a\u00f1ade Georgi Tschumburidse, Senior Vice President Operations en Europa del Este, Francia, Gran Breta\u00f1a y Austria, quien tambi\u00e9n es responsable de la nueva sociedad.<\/p>\n<p> Leadec ayuda a sus clientes desde hace m\u00e1s de 60 a\u00f1os por todo el ciclo de vida de la f\u00e1brica y sus infraestructuras. El especialista en la prestaci\u00f3n de servicios con 22 000 empleados est\u00e1 representado en m\u00e1s de 350 centros en 16 pa\u00edses, a menudo directamente en las f\u00e1bricas e instalaciones de los clientes. Leadec ofrece servicios para cada fase de la producci\u00f3n: desde la planificaci\u00f3n y optimizaci\u00f3n de f\u00e1bricas pasando por la instalaci\u00f3n, automatizaci\u00f3n y mantenimiento de la producci\u00f3n, hasta la limpieza t\u00e9cnica o el Facility Management.<\/p>\n<p>\n\u00abSeguimos extendiendo nuestra estrategia de crecimiento y diversificaci\u00f3n con \u00e9xito. Eso significa tanto ampliar nuestra huella geogr\u00e1fica en Europa como ensanchar nuestra base de clientes por diferentes sectores. Tambi\u00e9n nuestros clientes de la pen\u00ednsula ib\u00e9rica pueden confiar ahora en nuestros est\u00e1ndares de producci\u00f3n y servicios acreditados\u00bb, afirma Markus Glaser-Gallion, CEO de Leadec.<\/p>\n<p> Sobre Leadec<\/p>\n<p>\nLeadec es el l\u00edder global especializado en la prestaci\u00f3n de servicios para todo el ciclo de vida de la f\u00e1brica y sus infraestructuras. La empresa con sede principal en Stuttgart posee unos 22 000 empleados en todo el mundo y alcanz\u00f3 en el a\u00f1o 2022 un volumen de negocios de m\u00e1s de 1,1 mil millones de euros. Leadec ayuda a sus clientes desde hace m\u00e1s de 60 a\u00f1os por toda la cadena de valor de la producci\u00f3n y est\u00e1 establecida en m\u00e1s de 350 centros, a menudo directamente en las f\u00e1bricas de los clientes.<\/p>\n<p> Los servicios globales de Leadec abarcan: Ingenier\u00eda (planificaci\u00f3n y optimizaci\u00f3n de f\u00e1bricas, automatizaci\u00f3n y TI de la producci\u00f3n), Instalaci\u00f3n (instalaci\u00f3n el\u00e9ctrica y mec\u00e1nica y traslados de m\u00e1quinas), Mantenimiento (mantenimiento de la producci\u00f3n y limpieza t\u00e9cnica), Asistencia (Facility Management t\u00e9cnico y de infraestructuras y log\u00edstica), as\u00ed como otros servicios locales. La plataforma digital Leadec.os re\u00fane todos los procesos e integra servicios digitales propios.<\/p>\n<p> M\u00e1s informaci\u00f3n sobre Leadec: <\/p>\n<p>\nhttps:\/\/www.leadec-services.com<\/p>\n<p>\nM\u00e1s informaci\u00f3n sobre Leadec en Espa\u00f1a: <\/p>\n<p>\nhttps:\/\/spain.leadec-services.com\/es<\/p>\n<p>\nFoto: https:\/\/mma.prnewswire.com\/media\/2315766\/Leadec.jpg<\/p>\n<p>\nLogo: https:\/\/mma.prnewswire.com\/media\/2064673\/4488585\/Leadec_Logo.jpg<\/p>\n<p>\nContacto para prensa y medios: <\/p>\n<p>\nDr. Marion Hebach<\/p>\n<p>\nHead of Global Communications <\/p>\n<p>\nLeadec Holding BV &amp; Co. KG <\/p>\n<p>\nMeitnerstra\u00dfe 11 <\/p>\n<p>\n70563 Stuttgart, Alemania <\/p>\n<p>\nmedia@leadec-services.com<\/p>\n<p>\n+49 711 7841-0<\/p>\n<p>\nwww.leadec-services.com<\/p>\n<p> View original content to download multimedia:https:\/\/www.prnewswire.com\/es\/comunicados-de-prensa\/el-especialista-en-la-fabrica-leadec-inicia-su-actividad-en-espana-302032303.html<\/p>\n","protected":false},"excerpt":{"rendered":"<p>(Informaci\u00f3n remitida por la empresa firmante) STUTTGART, Alemania y MADRID, 11 de enero de 2024 \/PRNewswire\/ &#8212; \u00a1Vamos, Leadec! El l\u00edder global especializado en la prestaci\u00f3n de servicios para todo el ciclo de vida de la f\u00e1brica ampl\u00eda sus actividades a Espa\u00f1a. De este modo, la empresa estar\u00e1 representada en 16 pa\u00edses. Con la fundaci\u00f3n [&hellip;]<\/p>\n","protected":false},"author":1,"featured_media":0,"comment_status":"closed","ping_status":"closed","sticky":false,"template":"","format":"standard","meta":{"footnotes":""},"categories":[],"tags":[],"class_list":["post-49208","post","type-post","status-publish","format-standard","hentry"],"_links":{"self":[{"href":"https:\/\/webciudadana.net\/index.php?rest_route=\/wp\/v2\/posts\/49208","targetHints":{"allow":["GET"]}}],"collection":[{"href":"https:\/\/webciudadana.net\/index.php?rest_route=\/wp\/v2\/posts"}],"about":[{"href":"https:\/\/webciudadana.net\/index.php?rest_route=\/wp\/v2\/types\/post"}],"author":[{"embeddable":true,"href":"https:\/\/webciudadana.net\/index.php?rest_route=\/wp\/v2\/users\/1"}],"replies":[{"embeddable":true,"href":"https:\/\/webciudadana.net\/index.php?rest_route=%2Fwp%2Fv2%2Fcomments&post=49208"}],"version-history":[{"count":0,"href":"https:\/\/webciudadana.net\/index.php?rest_route=\/wp\/v2\/posts\/49208\/revisions"}],"wp:attachment":[{"href":"https:\/\/webciudadana.net\/index.php?rest_route=%2Fwp%2Fv2%2Fmedia&parent=49208"}],"wp:term":[{"taxonomy":"category","embeddable":true,"href":"https:\/\/webciudadana.net\/index.php?rest_route=%2Fwp%2Fv2%2Fcategories&post=49208"},{"taxonomy":"post_tag","embeddable":true,"href":"https:\/\/webciudadana.net\/index.php?rest_route=%2Fwp%2Fv2%2Ftags&post=49208"}],"curies":[{"name":"wp","href":"https:\/\/api.w.org\/{rel}","templated":true}]}}