{"id":49234,"date":"2024-01-11T16:17:28","date_gmt":"2024-01-11T15:17:28","guid":{"rendered":"https:\/\/ticker-noticiasep.microcontenidos.com\/NoticiaRSS.vbhtml?user=XRNR562DLR&amp;cod=20240111161728"},"modified":"2024-01-11T16:17:28","modified_gmt":"2024-01-11T15:17:28","slug":"la-iniciativa-andalucia-historia-y-civilizacion-concluye-su-programacion-artistica-con-noches-andaluzas","status":"publish","type":"post","link":"https:\/\/webciudadana.net\/?p=49234","title":{"rendered":"La iniciativa Andaluc\u00eda: Historia y Civilizaci\u00f3n concluye su programaci\u00f3n art\u00edstica con &#8216;Noches Andaluzas&#8217;"},"content":{"rendered":"\n<div><img decoding=\"async\" src=\"\/wp-content\/uploads\/sites\/2\/2024\/01\/la-iniciativa-andalucia-historia-y-civilizacion-concluye-su-programacion-artistica-con-noches-andaluzas.jpg\" class=\"ff-og-image-inserted\"><\/div>\n<p>(Informaci\u00f3n remitida por la empresa firmante)<\/p>\n<p>\nAbu Dhabi, 11 de enero de 2024.<\/p>\n<p> El evento tendr\u00e1 lugar el pr\u00f3ximo 15 de enero en el conocido Emirates Palace Auditorium de Abu Dhabi<\/p>\n<p>\nEl Comit\u00e9 \u00abAndaluc\u00eda: Historia y Civilizaci\u00f3n\u00bb tiene todo preparado para organizar el espect\u00e1culo cultural \u00abNoches Andaluzas: Guitarra y M\u00fasica \u00c1rabe&#8217; pr\u00f3ximo 15 de enero, en el conocido Emirates Palace Auditorium de Abu Dhabi.*Las \u00abNoches andaluzas\u00bb, que marcan la conclusi\u00f3n del programa art\u00edstico de la iniciativa, prometen ser una encantadora fusi\u00f3n de las tradiciones musicales espa\u00f1ola y \u00e1rabe, y presentan una cautivadora velada en la que las melod\u00edas espa\u00f1olas y \u00e1rabes armonizan para mostrar la profunda influencia \u00e1rabe en la cultura espa\u00f1ola durante la \u00e9poca andalus\u00ed. Dirigido por el guitarrista mundial Antonio Rae, junto con el creativo oudista Sadiq Jaafar, el evento contar\u00e1 con un gran conjunto coral de guitarristas e instrumentistas tradicionales orientales.<\/p>\n<p> Antonio Rae, figura destacada de la escena contempor\u00e1nea de la guitarra flamenca, ostenta galardones como el \u00abGrammy Latino\u00bb, el primer premio del prestigioso \u00abConcurso de Guitarra Bourdon\u00bb y el \u00abPremio Minas de la Uni\u00f3n de Murcia\u00bb. Del mismo modo, Sadiq Jaafar, referente de la m\u00fasica moderna iraqu\u00ed, ha engalanado numerosos festivales internacionales con sus composiciones que reflejan la elegancia del arte \u00e1rabe. Su maestr\u00eda con el oud pone de manifiesto la singularidad y originalidad de la escuela del oud en el mundo \u00e1rabe.<\/p>\n<p> S.E. Mohammed Al-Murr, presidente del Comit\u00e9 de la Iniciativa \u00abAndaluc\u00eda: Historia y Civilizaci\u00f3n\u00bb, ha dicho: \u00abNos complace anunciar el \u00faltimo acto del programa art\u00edstico de la iniciativa, que conmemora el rico patrimonio andaluz. Este acto, que se enmarca en la iniciativa \u00abAndaluc\u00eda: Historia y Civilizaci\u00f3n\u00bb, supone un importante paso adelante en el homenaje al perdurable legado art\u00edstico andaluz y en el fomento de un mayor nivel de intercambio y di\u00e1logo intercultural. Los diversos actos enmarcados en el programa de arte y m\u00fasica ofrecen una plataforma distintiva para el compromiso cultural y art\u00edstico, fomentando la sinergia y proporcionando una oportunidad \u00fanica para tender puentes de comunicaci\u00f3n entre comunidades diversas\u00bb.<\/p>\n<p> Por su parte, Antonio Rae afirma que poder actuar en una regi\u00f3n con una cultura musical a la que tiene*en gran estima y tocar junto a artistas de talento del mundo \u00e1rabe es un gran logro en su*carrera. \u00abEs un sue\u00f1o hecho realidad. No solo es una experiencia gratificante, sino tambi\u00e9n un reto y una gran responsabilidad dar a conocer el flamenco y la guitarra flamenca a este p\u00fablico \u00fanico. Aradezco sinceramente*esta oportunidad\u00bb.<\/p>\n<p> Por su parte, Sadiq Jafar*asegura estar encantado de participar en este acontecimiento dedicado a conmemorar el rico patrimonio de una civilizaci\u00f3n antigua que ha dejado un impacto duradero en diversos aspectos de la vida, especialmente en el \u00e1mbito de las artes. \u00abParticipar en las \u00abNoches andaluzas: Guitarra y M\u00fasica \u00c1rabe&#8217; permitir\u00e1 compartir el punto de vista del patrimonio andalus\u00ed. Este evento servir\u00e1 como medio para ilustrar la profunda influencia de la cultura \u00e1rabe en el paisaje art\u00edstico de Espa\u00f1a\u00bb.<\/p>\n<p> El programa de arte y m\u00fasica incluy\u00f3 una variada gama de actos como exposiciones de arte, actuaciones musicales y talleres. Estos actos pusieron de relieve el rico patrimonio andaluz, contribuyendo al di\u00e1logo cultural y profundizando en el entendimiento mutuo entre las diversas culturas.<\/p>\n<p> La iniciativa \u00abAndaluc\u00eda: Historia y Civilizaci\u00f3n\u00bb pretende llamar la atenci\u00f3n sobre una de las grandes \u00e9pocas de la historia, destacar el patrimonio cultural, intelectual y art\u00edstico de la civilizaci\u00f3n \u00e1rabe en Andaluc\u00eda, as\u00ed como su abundante progreso y desarrollo en ciencia, literatura y filosof\u00eda. La iniciativa cuenta con un impresionante cartel de eventos art\u00edsticos y culturales que celebran la singular civilizaci\u00f3n andaluza, que sirve de notable ejemplo de coexistencia y tolerancia. Esto refleja el enfoque distintivo de los EAU y su compromiso con la preservaci\u00f3n de los valores de tolerancia, cooperaci\u00f3n y coexistencia.<\/p>\n<p> Contacto<\/p>\n<p>\nNombre contacto: IT Comunicaci\u00f3n<\/p>\n<p>\nDescripci\u00f3n contacto: IT Comunicaci\u00f3n<\/p>\n<p>\nTel\u00e9fono de contacto: 93 362 10 34<\/p>\n","protected":false},"excerpt":{"rendered":"<p>(Informaci\u00f3n remitida por la empresa firmante) Abu Dhabi, 11 de enero de 2024. El evento tendr\u00e1 lugar el pr\u00f3ximo 15 de enero en el conocido Emirates Palace Auditorium de Abu Dhabi El Comit\u00e9 \u00abAndaluc\u00eda: Historia y Civilizaci\u00f3n\u00bb tiene todo preparado para organizar el espect\u00e1culo cultural \u00abNoches Andaluzas: Guitarra y M\u00fasica \u00c1rabe&#8217; pr\u00f3ximo 15 de enero, [&hellip;]<\/p>\n","protected":false},"author":1,"featured_media":0,"comment_status":"closed","ping_status":"closed","sticky":false,"template":"","format":"standard","meta":{"footnotes":""},"categories":[],"tags":[],"class_list":["post-49234","post","type-post","status-publish","format-standard","hentry"],"_links":{"self":[{"href":"https:\/\/webciudadana.net\/index.php?rest_route=\/wp\/v2\/posts\/49234","targetHints":{"allow":["GET"]}}],"collection":[{"href":"https:\/\/webciudadana.net\/index.php?rest_route=\/wp\/v2\/posts"}],"about":[{"href":"https:\/\/webciudadana.net\/index.php?rest_route=\/wp\/v2\/types\/post"}],"author":[{"embeddable":true,"href":"https:\/\/webciudadana.net\/index.php?rest_route=\/wp\/v2\/users\/1"}],"replies":[{"embeddable":true,"href":"https:\/\/webciudadana.net\/index.php?rest_route=%2Fwp%2Fv2%2Fcomments&post=49234"}],"version-history":[{"count":0,"href":"https:\/\/webciudadana.net\/index.php?rest_route=\/wp\/v2\/posts\/49234\/revisions"}],"wp:attachment":[{"href":"https:\/\/webciudadana.net\/index.php?rest_route=%2Fwp%2Fv2%2Fmedia&parent=49234"}],"wp:term":[{"taxonomy":"category","embeddable":true,"href":"https:\/\/webciudadana.net\/index.php?rest_route=%2Fwp%2Fv2%2Fcategories&post=49234"},{"taxonomy":"post_tag","embeddable":true,"href":"https:\/\/webciudadana.net\/index.php?rest_route=%2Fwp%2Fv2%2Ftags&post=49234"}],"curies":[{"name":"wp","href":"https:\/\/api.w.org\/{rel}","templated":true}]}}