{"id":49239,"date":"2024-01-11T16:54:19","date_gmt":"2024-01-11T15:54:19","guid":{"rendered":"https:\/\/ticker-noticiasep.microcontenidos.com\/NoticiaRSS.vbhtml?user=XRNR562DLR&amp;cod=20240111165419"},"modified":"2024-01-11T16:54:19","modified_gmt":"2024-01-11T15:54:19","slug":"salud-comunicado-asanec-exige-al-sma-que-rectifique-sus-declaraciones-contra-el-colectivo-de-enfermeria-o-tomara-medidas","status":"publish","type":"post","link":"https:\/\/webciudadana.net\/?p=49239","title":{"rendered":"Salud: Comunicado.- Asanec exige al SMA que rectifique sus declaraciones contra el colectivo de enfermer\u00eda o tomar\u00e1 medidas"},"content":{"rendered":"\n<div><img decoding=\"async\" src=\"\/wp-content\/uploads\/sites\/2\/2024\/01\/salud-comunicado-asanec-exige-al-sma-que-rectifique-sus-declaraciones-contra-el-colectivo-de-enfermeria-o-tomara-medidas.jpg\" class=\"ff-og-image-inserted\"><\/div>\n<p> MADRID, 11 (EUROPA PRESS)<\/p>\n<p> La Asociaci\u00f3n Andaluza de Enfermer\u00eda Familiar y Comunitaria (Asanec) ha exigido este jueves al Sindicato M\u00e9dico Andaluz que rectifique sus \u00abtorticeras\u00bb acusaciones contra el colectivo de enfermer\u00eda, en las cuales el sindicato ha puesto en duda la capacidad de las enfermeras para desempe\u00f1ar un papel clave en las consultas de cribado, al asegurar en el mismo que \u00abes s\u00f3lo cuesti\u00f3n de tiempo que alguien muera a causa de la falta de formaci\u00f3n m\u00e9dica del personal de enfermer\u00eda\u00bb. De lo contrario, la asociaci\u00f3n ha advertido que se ver\u00e1 obligada a tomar \u00abmedidas contundentes\u00bb que pongan freno a estas calumnias.<\/p>\n<p> Desde Asanec han considerado que, \u00abla resistencia a la implementaci\u00f3n de estas consultas parece centrarse en preocupaciones organizativas y regulatorias, m\u00e1s que en la competencia y capacidad de las enfermeras y han incidido en que, la falta de consenso en la implantaci\u00f3n no deber\u00eda empa\u00f1ar unos resultados cient\u00edficos positivos que respaldan la participaci\u00f3n activa de las enfermeras en la gesti\u00f3n de la demanda de atenci\u00f3n primaria\u00bb.<\/p>\n<p> La presidenta de Asociaci\u00f3n Andaluza de Enfermer\u00eda Familiar y Comunitaria, Mar\u00eda Dolores Ruiz, ha destacado \u00abla relevancia de las enfermeras en las consultas de acogida\u00bb, que ha sido respaldada por m\u00e1s de dos d\u00e9cadas de conocimiento cient\u00edfico acumulado en otros pa\u00edses e incluso en otras comunidades aut\u00f3nomas de nuestro pa\u00eds.<\/p>\n<p> \u00abLas enfermeras familiares y comunitarias est\u00e1n plenamente capacitadas para evaluar el estado de salud de los pacientes y tomar decisiones informadas sobre su atenci\u00f3n\u00bb. \u00abEstas profesionales han adquirido las competencias necesarias a trav\u00e9s del Grado de Enfermer\u00eda, de la especializaci\u00f3n v\u00eda EIR y de la experiencia acumulada de a\u00f1os de servicio en atenci\u00f3n primaria\u00bb, ha a\u00f1adido.<\/p>\n<p> Asimismo, \u00ablos estudios publicados muestran una alta resoluci\u00f3n de los procesos agudos atendidos por parte de las enfermeras, que ofrecen actividades de educaci\u00f3n sanitaria y promoci\u00f3n de la salud a las personas y a las familias, lo que a su vez deriva en una mejora la calidad de la atenci\u00f3n\u00bb, ha a\u00f1adido Ruiz.<\/p>\n<p> Desde Asanec han recordado que la efectividad de las enfermeras ha sido respaldada por un total de 18 protocolos consensuados y dise\u00f1ados por un grupo multiprofesional que incluye m\u00e9dicos, enfermeros y representantes de sociedades cient\u00edficas de atenci\u00f3n primaria, con el objetivo de abordar diversas condiciones de salud, desde aftas orales hasta traumas leves. Asimismo, su aplicaci\u00f3n ha demostrado ser segura y efectiva, sin eventos adversos, aumento de visitas a Urgencias o derivaciones hospitalarias.<\/p>\n<p> \u00abA la preparaci\u00f3n formativa y pr\u00e1ctica de las enfermeras andaluzas se suma el mapa de formaci\u00f3n del Sistema P\u00fablico Andaluz, extensivo e intensivo, que acredita las competencias de las enfermeras de familia y comunitaria y garantiza la seguridad de estas consultas\u00bb, ha asegurado Ruiz.<\/p>\n<p>\nUN LLAMAMIENTO A LA COHESI\u00d3N<\/p>\n<p> Para la presidenta de la Asociaci\u00f3n Andaluza de Enfermer\u00eda Familiar y Comunitaria, \u00aben lugar de generar alarma entre la poblaci\u00f3n, estas organizaciones deber\u00edan reconocer los beneficios que reciben los ciudadanos gracias al trabajo de estas profesionales de la salud, como as\u00ed lo ratifican organismos internacionales como la Organizaci\u00f3n Mundial de la Salud (OMS) y la OCDE\u00bb.<\/p>\n<p> Con todo lo anterior, la asociaci\u00f3n ha reconocido \u00abla importancia de mejorar la organizaci\u00f3n y regulaci\u00f3n de las consultas de acogida\u00bb y, en este sentido, se encuentra dispuesta a trabajar en colaboraci\u00f3n con la Consejer\u00eda de Salud y Consumo, con el objetivo de \u00abfortalecer la formaci\u00f3n de las enfermeras y desarrollar nuevos protocolos basados en la evidencia cient\u00edfica\u00bb.<\/p>\n<p> Una situaci\u00f3n que, en palabras de Asanec, \u00abno debe ser ni una lucha ni una ofensa a otros colectivos, tal y como est\u00e1 demostrando el Sindicato M\u00e9dico, generando inseguridad y alarma innecesaria entre la poblaci\u00f3n\u00bb.<\/p>\n<p> \u00abDesde las organizaciones cient\u00edficas, colegios profesionales y sindicatos debemos de potenciar el trabajo en equipo y generar confianza, por el bien de la salud de los individuos, las familias y la comunidad\u00bb, han asegurado.<\/p>\n<p> \u00abEl centro del sistema sanitario siempre ha sido y ser\u00e1 la persona y nunca debe ser el profesional\u00bb, han dicho desde Asanec, que defiende \u00abel trabajo en equipo en pos de la mejora de la atenci\u00f3n y la calidad asistencial\u00bb y se muestra dispuesta a trabajar de forma coordinada y en cooperaci\u00f3n con otras sociedades cient\u00edficas de Atenci\u00f3n Primaria.<\/p>\n<p> Asanec es la Asociaci\u00f3n Andaluza de Enfermer\u00eda Familiar y Comunitaria formada por enfermeras y enfermeros de toda la geograf\u00eda andaluza que, sin \u00e1nimo de lucro, trabajan por y para el desarrollo de la profesi\u00f3n.<\/p>\n<p> Asanec, como sociedad cient\u00edfica, persigue la mejora de la calidad asistencial en el \u00e1mbito comunitario desde la defensa de la sanidad p\u00fablica, influyendo y dialogando con las Administraciones. Entre sus fines se encuentra brindar formaci\u00f3n e investigaci\u00f3n en la pr\u00e1ctica de la enfermer\u00eda para ofrecer cuidados de calidad a la comunidad, as\u00ed como colaborar con otras sociedades cient\u00edficas y asociaciones para el mejor desarrollo de la profesi\u00f3n.<\/p>\n","protected":false},"excerpt":{"rendered":"<p>MADRID, 11 (EUROPA PRESS) La Asociaci\u00f3n Andaluza de Enfermer\u00eda Familiar y Comunitaria (Asanec) ha exigido este jueves al Sindicato M\u00e9dico Andaluz que rectifique sus \u00abtorticeras\u00bb acusaciones contra el colectivo de enfermer\u00eda, en las cuales el sindicato ha puesto en duda la capacidad de las enfermeras para desempe\u00f1ar un papel clave en las consultas de cribado, [&hellip;]<\/p>\n","protected":false},"author":1,"featured_media":0,"comment_status":"closed","ping_status":"closed","sticky":false,"template":"","format":"standard","meta":{"footnotes":""},"categories":[],"tags":[],"class_list":["post-49239","post","type-post","status-publish","format-standard","hentry"],"_links":{"self":[{"href":"https:\/\/webciudadana.net\/index.php?rest_route=\/wp\/v2\/posts\/49239","targetHints":{"allow":["GET"]}}],"collection":[{"href":"https:\/\/webciudadana.net\/index.php?rest_route=\/wp\/v2\/posts"}],"about":[{"href":"https:\/\/webciudadana.net\/index.php?rest_route=\/wp\/v2\/types\/post"}],"author":[{"embeddable":true,"href":"https:\/\/webciudadana.net\/index.php?rest_route=\/wp\/v2\/users\/1"}],"replies":[{"embeddable":true,"href":"https:\/\/webciudadana.net\/index.php?rest_route=%2Fwp%2Fv2%2Fcomments&post=49239"}],"version-history":[{"count":0,"href":"https:\/\/webciudadana.net\/index.php?rest_route=\/wp\/v2\/posts\/49239\/revisions"}],"wp:attachment":[{"href":"https:\/\/webciudadana.net\/index.php?rest_route=%2Fwp%2Fv2%2Fmedia&parent=49239"}],"wp:term":[{"taxonomy":"category","embeddable":true,"href":"https:\/\/webciudadana.net\/index.php?rest_route=%2Fwp%2Fv2%2Fcategories&post=49239"},{"taxonomy":"post_tag","embeddable":true,"href":"https:\/\/webciudadana.net\/index.php?rest_route=%2Fwp%2Fv2%2Ftags&post=49239"}],"curies":[{"name":"wp","href":"https:\/\/api.w.org\/{rel}","templated":true}]}}