{"id":49241,"date":"2024-01-11T18:40:53","date_gmt":"2024-01-11T17:40:53","guid":{"rendered":"https:\/\/ticker-noticiasep.microcontenidos.com\/NoticiaRSS.vbhtml?user=XRNR562DLR&amp;cod=20240111184053"},"modified":"2024-01-11T18:40:53","modified_gmt":"2024-01-11T17:40:53","slug":"el-festival-son-estrella-galicia-posidonia-vuelve-a-ser-festival-cero-emisiones","status":"publish","type":"post","link":"https:\/\/webciudadana.net\/?p=49241","title":{"rendered":"El festival SON Estrella Galicia Posidonia vuelve a ser festival cero emisiones"},"content":{"rendered":"\n<div><img decoding=\"async\" src=\"\/wp-content\/uploads\/sites\/2\/2024\/01\/el-festival-son-estrella-galicia-posidonia-vuelve-a-ser-festival-cero-emisiones.jpg\" class=\"ff-og-image-inserted\"><\/div>\n<p> MADRID, 11 (EUROPA PRESS)<\/p>\n<p> El festival de m\u00fasica SON Estrella Galicia Posidonia, que celebr\u00f3 su s\u00e9ptima edici\u00f3n en octubre de 2023 en Formentera, ha vuelto a ser, por tercer a\u00f1o consecutivo, cero emisiones, como ha anunciado la organizaci\u00f3n.<\/p>\n<p> As\u00ed, en esta \u00faltima edici\u00f3n, ha logrado mantener en niveles m\u00ednimos las emisiones, con 181 toneladas de CO2 que ser\u00e1n compensadas a trav\u00e9s de un proyecto de regeneraci\u00f3n forestal en Ponteareas, en Pontevedra.<\/p>\n<p> Para llegar a este c\u00e1lculo, se puso en marcha un estudio de emisiones elaborado por Global Factor, auditora espa\u00f1ola de \u00e1mbito internacional, que tuvo en cuenta factores como el consumo de energ\u00eda y agua, las necesidades generadas por las diferentes actividades l\u00fadicas y gastron\u00f3micas desarrolladas durante el evento e, incluso, un c\u00e1lculo de las emisiones de alcance 3, mediante el registro de la huella de carbono derivada de los desplazamientos hasta Formentera de todos los asistentes al evento.<\/p>\n<p> \u00abEn cada edici\u00f3n planteamos nuevas iniciativas y \u00e1reas de mejora porque sabemos que no somos perfectos pero nuestro compromiso inconformista es irrenunciable. Lograr la certificaci\u00f3n de evento cero emisiones por tercer a\u00f1o consecutivo era clave y gracias al esp\u00edritu inconformista del equipo del festival, de sus aliados locales pero sobre todo de los asistentes, volvemos a conseguirlo\u00bb, ha destacado el director del festival y responsable global de Patrocinios Musicales y de Comunicaci\u00f3n de Impacto Positivo de Hijos de Rivera, V\u00edctor Manti\u00f1\u00e1n.<\/p>\n<p> El festival &#8211;comisariado por Sinsal y con la colaboraci\u00f3n del Consell Insular de Formentera&#8211; acogi\u00f3 a 350 asistentes y fusion\u00f3 durante tres d\u00edas la m\u00fasica de su cartel con artistas como Carolina Durante, Grove, Crystal Murray, La Dame Blanche, Tukan o Lapili; con una propuesta gastron\u00f3mica de la mano del chef con Estrella Michel\u00edn, Pepe Solla, y la divulgaci\u00f3n de la cultura de cerveza.<\/p>\n","protected":false},"excerpt":{"rendered":"<p>MADRID, 11 (EUROPA PRESS) El festival de m\u00fasica SON Estrella Galicia Posidonia, que celebr\u00f3 su s\u00e9ptima edici\u00f3n en octubre de 2023 en Formentera, ha vuelto a ser, por tercer a\u00f1o consecutivo, cero emisiones, como ha anunciado la organizaci\u00f3n. As\u00ed, en esta \u00faltima edici\u00f3n, ha logrado mantener en niveles m\u00ednimos las emisiones, con 181 toneladas de [&hellip;]<\/p>\n","protected":false},"author":1,"featured_media":0,"comment_status":"closed","ping_status":"closed","sticky":false,"template":"","format":"standard","meta":{"footnotes":""},"categories":[],"tags":[],"class_list":["post-49241","post","type-post","status-publish","format-standard","hentry"],"_links":{"self":[{"href":"https:\/\/webciudadana.net\/index.php?rest_route=\/wp\/v2\/posts\/49241","targetHints":{"allow":["GET"]}}],"collection":[{"href":"https:\/\/webciudadana.net\/index.php?rest_route=\/wp\/v2\/posts"}],"about":[{"href":"https:\/\/webciudadana.net\/index.php?rest_route=\/wp\/v2\/types\/post"}],"author":[{"embeddable":true,"href":"https:\/\/webciudadana.net\/index.php?rest_route=\/wp\/v2\/users\/1"}],"replies":[{"embeddable":true,"href":"https:\/\/webciudadana.net\/index.php?rest_route=%2Fwp%2Fv2%2Fcomments&post=49241"}],"version-history":[{"count":0,"href":"https:\/\/webciudadana.net\/index.php?rest_route=\/wp\/v2\/posts\/49241\/revisions"}],"wp:attachment":[{"href":"https:\/\/webciudadana.net\/index.php?rest_route=%2Fwp%2Fv2%2Fmedia&parent=49241"}],"wp:term":[{"taxonomy":"category","embeddable":true,"href":"https:\/\/webciudadana.net\/index.php?rest_route=%2Fwp%2Fv2%2Fcategories&post=49241"},{"taxonomy":"post_tag","embeddable":true,"href":"https:\/\/webciudadana.net\/index.php?rest_route=%2Fwp%2Fv2%2Ftags&post=49241"}],"curies":[{"name":"wp","href":"https:\/\/api.w.org\/{rel}","templated":true}]}}