{"id":49252,"date":"2024-01-12T11:00:49","date_gmt":"2024-01-12T10:00:49","guid":{"rendered":"https:\/\/ticker-noticiasep.microcontenidos.com\/NoticiaRSS.vbhtml?user=XRNR562DLR&amp;cod=20240112110049"},"modified":"2024-01-12T11:00:49","modified_gmt":"2024-01-12T10:00:49","slug":"la-aef-abre-la-v-convocatoria-del-programa-de-fundaciones-comunitarias","status":"publish","type":"post","link":"https:\/\/webciudadana.net\/?p=49252","title":{"rendered":"La AEF abre la V convocatoria del programa de Fundaciones Comunitarias"},"content":{"rendered":"\n<div><img decoding=\"async\" src=\"\/wp-content\/uploads\/sites\/2\/2024\/01\/la-aef-abre-la-v-convocatoria-del-programa-de-fundaciones-comunitarias.jpg\" class=\"ff-og-image-inserted\"><\/div>\n<p> MADRID, 12 (EUROPA PRESS)<\/p>\n<p> La Asociaci\u00f3n Espa\u00f1ola de Fundaci\u00f3n (AEF) ha lanzado la V edici\u00f3n del programa de apoyo a la creaci\u00f3n de Fundaciones Comunitarias, una iniciativa que busca promover en Espa\u00f1a este tipo de modelo filantr\u00f3pico como ejemplo de \u00e9xito en el abordaje de problem\u00e1ticas y desaf\u00edos sociales desde la acci\u00f3n local y del territorio para lograr cambios sociales de largo impacto.<\/p>\n<p> Una Fundaci\u00f3n Comunitaria (FC) es una organizaci\u00f3n sin \u00e1nimo de lucro cuyo fin es fortalecer la comunidad en la que trabaja, movilizando y canalizando recursos. Como detallan sus impulsores, se trata de una forma de estimular la filantrop\u00eda y la solidaridad local para crear una hucha colectiva de recursos que invertir en la comunidad.<\/p>\n<p> Esta V convocatoria, abierta hasta el 29 de febrero de 2024, est\u00e1 destinada a personas, asociaciones, fundaciones, empresas y entidades empresariales privadas o de la econom\u00eda social que deseen promover y constituir una fundaci\u00f3n comunitaria, priorizando iniciativas en \u00e1mbitos territoriales de m\u00e1s de 50.000 habitantes.<\/p>\n<p> El programa ideado por la AEF pone a disposici\u00f3n de los grupos fundadores el acompa\u00f1amiento y el apoyo necesario para conseguir sus objetivos, a trav\u00e9s de una formaci\u00f3n adaptada a la realidad de las Fundaciones Comunitarias, mejorando los procesos de recaudaci\u00f3n de fondos y la obtenci\u00f3n de recursos locales.<\/p>\n<p> Adem\u00e1s, dichos grupos participan activamente en la comunidad nacional e internacional de las Fundaciones Comunitarias, en eventos y en visitas de estudio. Una vez constituida la FC, la AEF ofrece la cofinanciaci\u00f3n de los gastos de funcionamiento de su primer a\u00f1o hasta un m\u00e1ximo de 15.000 euros.<\/p>\n<p> El modelo de Fundaciones Comunitarias tiene una creciente presencia en todo el mundo y, si bien cada una es \u00fanica al adaptarse a su contexto sociocultural, todas ellas comparten el objetivo de buscar soluciones conjuntas a los problemas colectivos y el aprovechamiento de oportunidades. Actualmente existen en el mundo m\u00e1s de 2.000 fundaciones comunitarias que canalizan anualmente m\u00e1s de 5.000 millones de euros.<\/p>\n<p> \u00abLas Fundaciones Comunitarias son una herramienta de transformaci\u00f3n social con enfoque territorial que canalizan recursos para trabajar desde la comunidad por la comunidad\u00bb, explica la directora de Relaciones Internacionales y Fundaciones Comunitarias de la AEF, Rosa Gallego.<\/p>\n<p> \u00abEn Espa\u00f1a ya hay 9 Fundaciones Comunitarias y esperamos alcanzar las 15 antes de que finalice 2025. Creemos que este programa de la AEF es tremendamente \u00fatil para el crecimiento y la consolidaci\u00f3n de este modelo filantr\u00f3pico\u00bb.<\/p>\n<p> Las FC realizan tres funciones b\u00e1sicas: aportan y canalizan recursos financieros y no financieros a las entidades locales para transformar la comunidad, ejercen un liderazgo estrat\u00e9gico, inclusivo y estable a lo largo del tiempo, desde un enfoque sist\u00e9mico, para construir comunidades fuertes y solidarias y, por \u00faltimo, crean fondos patrimoniales (la hucha colectiva) para realizar inversi\u00f3n social en la comunidad.<\/p>\n<p> Las FC establecen sinergias colaborativas con organizaciones sociales, empresas, ciudadanos, instituciones, administraciones p\u00fablicas, etc; generan confianza; construyen alianzas estrat\u00e9gicas con las que superan la fragmentaci\u00f3n habitual de la intervenci\u00f3n social; y son parte de la comunidad y abordan cuestiones relevantes del d\u00eda a d\u00eda.<\/p>\n<p> El Programa de Apoyo a la Creaci\u00f3n de Fundaciones Comunitarias de la Asociaci\u00f3n Espa\u00f1ola de Fundaciones (AEF) se realiza con el apoyo de la Fundaci\u00f3n Charles Stewart Mott (EE.UU.), la Fundaci\u00f3n Daniel y Nina Carasso (Espa\u00f1a-Francia) y Porticus.<\/p>\n","protected":false},"excerpt":{"rendered":"<p>MADRID, 12 (EUROPA PRESS) La Asociaci\u00f3n Espa\u00f1ola de Fundaci\u00f3n (AEF) ha lanzado la V edici\u00f3n del programa de apoyo a la creaci\u00f3n de Fundaciones Comunitarias, una iniciativa que busca promover en Espa\u00f1a este tipo de modelo filantr\u00f3pico como ejemplo de \u00e9xito en el abordaje de problem\u00e1ticas y desaf\u00edos sociales desde la acci\u00f3n local y del [&hellip;]<\/p>\n","protected":false},"author":1,"featured_media":0,"comment_status":"closed","ping_status":"closed","sticky":false,"template":"","format":"standard","meta":{"footnotes":""},"categories":[],"tags":[],"class_list":["post-49252","post","type-post","status-publish","format-standard","hentry"],"_links":{"self":[{"href":"https:\/\/webciudadana.net\/index.php?rest_route=\/wp\/v2\/posts\/49252","targetHints":{"allow":["GET"]}}],"collection":[{"href":"https:\/\/webciudadana.net\/index.php?rest_route=\/wp\/v2\/posts"}],"about":[{"href":"https:\/\/webciudadana.net\/index.php?rest_route=\/wp\/v2\/types\/post"}],"author":[{"embeddable":true,"href":"https:\/\/webciudadana.net\/index.php?rest_route=\/wp\/v2\/users\/1"}],"replies":[{"embeddable":true,"href":"https:\/\/webciudadana.net\/index.php?rest_route=%2Fwp%2Fv2%2Fcomments&post=49252"}],"version-history":[{"count":0,"href":"https:\/\/webciudadana.net\/index.php?rest_route=\/wp\/v2\/posts\/49252\/revisions"}],"wp:attachment":[{"href":"https:\/\/webciudadana.net\/index.php?rest_route=%2Fwp%2Fv2%2Fmedia&parent=49252"}],"wp:term":[{"taxonomy":"category","embeddable":true,"href":"https:\/\/webciudadana.net\/index.php?rest_route=%2Fwp%2Fv2%2Fcategories&post=49252"},{"taxonomy":"post_tag","embeddable":true,"href":"https:\/\/webciudadana.net\/index.php?rest_route=%2Fwp%2Fv2%2Ftags&post=49252"}],"curies":[{"name":"wp","href":"https:\/\/api.w.org\/{rel}","templated":true}]}}