{"id":49254,"date":"2024-01-12T12:32:48","date_gmt":"2024-01-12T11:32:48","guid":{"rendered":"https:\/\/ticker-noticiasep.microcontenidos.com\/NoticiaRSS.vbhtml?user=XRNR562DLR&amp;cod=20240112123248"},"modified":"2024-01-12T12:32:48","modified_gmt":"2024-01-12T11:32:48","slug":"comunicado-el-faro-registro-mas-de-ocho-millones-de-visitas-en-2023-cifra-record-en-sus-once-anos-de-vida","status":"publish","type":"post","link":"https:\/\/webciudadana.net\/?p=49254","title":{"rendered":"Comunicado.- El Faro registr\u00f3 m\u00e1s de ocho millones de visitas en 2023, cifra r\u00e9cord en sus once a\u00f1os de vida"},"content":{"rendered":"\n<div><img decoding=\"async\" src=\"\/wp-content\/uploads\/sites\/2\/2024\/01\/comunicado-el-faro-registro-mas-de-ocho-millones-de-visitas-en-2023-cifra-record-en-sus-once-anos-de-vida.jpg\" class=\"ff-og-image-inserted\"><\/div>\n<p> BADAJOZ, 12 (EUROPA PRESS)<\/p>\n<p> El centro comercial El Faro, en Badajoz, ha cerrado 2023 con r\u00e9cord de visitas. M\u00e1s de ocho millones de personas pasaron por sus instalaciones durante el pasado ejercicio, cifra r\u00e9cord en los once a\u00f1os de vida del centro. Al crecimiento de visitantes, se suma la atracci\u00f3n de nuevas marcas. As\u00ed, El Faro despidi\u00f3 el a\u00f1o con seis nuevas aperturas, dos ampliaciones y el anuncio de la llegada de tres nuevas marcas para el mes de enero; datos que han propiciado que este centro comercial se consolide, un a\u00f1o m\u00e1s, como enclave comercial de la regi\u00f3n.<\/p>\n<p> Para el gerente del centro comercial El Faro, Paulo Belchior, \u00abeste ha sido un a\u00f1o marcado por diferentes hitos como la inauguraci\u00f3n de nuevas marcas referentes en sus respectivos sectores, las cuales se han combinado con el desarrollo de importantes eventos\u00bb. \u00abTodo ello pasa por el objetivo principal del centro, que no es otro que el de ser el destino referente de ocio, compras y servicios de la regi\u00f3n y por la propia situaci\u00f3n transfronteriza del centro, ser referente de la Eurociudad formada por Badajoz, Elvas y Campo Maior (Eurobec)\u00bb.<\/p>\n<p> De esta forma, el incremento de cartera ha estado acompa\u00f1ado por la puesta en valor de la cultura, la gastronom\u00eda y la empresa extreme\u00f1a a trav\u00e9s del dise\u00f1o anual de un plan de acci\u00f3n enfocado a subrayar nuestro sabor y nuestro car\u00e1cter.<\/p>\n<p> Esfuerzo redoblado este diciembre con la puesta en marcha del mercado gastron\u00f3mico y artesano implantado en el recinto en colaboraci\u00f3n con Alimentos de Extremadura, el concurso escolar de \u00e1rboles de navidad o el servicio de empaquetado de regalos que se ha gestionado de la mano y a beneficio de la AOEX durante la campa\u00f1a de Navidad, mediante el cual m\u00e1s de 50 voluntarios han pasado por el centro y se ha recaudado un total de 3.576,81 euros.<\/p>\n<p> Seg\u00fan Belchior, \u00abtanto la variada y completa oferta de tiendas, como la nutrida programaci\u00f3n de ocio, ha propiciado que El Faro cierre 2023 como uno de los mejores a\u00f1os en n\u00famero de visitantes y se convierta en polo de atracci\u00f3n para el desembarco de nuevas marcas en la Comunidad extreme\u00f1a\u00bb.<\/p>\n<p>\nRE-APERTURAS EN EL FARO<\/p>\n<p> El centro comercial pacense tambi\u00e9n ha ampliado su ya consolidada oferta comercial con las aperturas de marcas j\u00f3venes y procedentes del \u00e1mbito local como son Lollipops y Laucala y con las reaperturas de Stradivarius, Jack&amp;Jones, JVZ e Ikea, producidas a lo largo del 2023. En lo respectivo a estas reformas lo que se ha llevado a cabo un &#8216;restyling&#8217; o remodelaci\u00f3n de los locales, \u00aben los que se puede observar un enfoque m\u00e1s limpio, renovado y fresco.<\/p>\n<p>\nAPERTURAS EN DICIEMBRE<\/p>\n<p> En lo respectivo a sus \u00faltimas aperturas, El Faro recibi\u00f3 el pasado 1 de diciembre al centro de belleza D- U\u00f1as, especializado en la oferta de manicuras, pedicuras, tratamiento en cejas, depilaci\u00f3n con hilo, lifting y tintes de pesta\u00f1as de \u00faltima generaci\u00f3n. El servicio, ubicado en el c\u00f3rner de la galer\u00eda comercial, destaca su equipo de expertos, dedicado a ofrecer \u00abuna experiencia \u00fanica al cliente, donde cada detalle cuenta\u00bb.<\/p>\n<p> Por otro lado, la l\u00ednea de joyer\u00edas \u00abmiramira\u00bb tambi\u00e9n abri\u00f3 sus puertas en El Faro, de forma previa al cierre del a\u00f1o. Como una marca joven centrada en ofrecer joyas y complementos de calidad a precios muy competitivos, sus productos poseen \u00abuna personalidad \u00fanica y un dise\u00f1o a la \u00faltima moda\u00bb.<\/p>\n<p> De igual forma, el centro ha reforzado su oferta de compra a trav\u00e9s de la ampliaci\u00f3n del local de la marca de moda Alvaro Moreno, que ha pasado a ser de un total de 350 metros cuadrados. La firma espa\u00f1ola, presente en m\u00e1s de 50 puntos de venta repartidos por todo el pa\u00eds, cuenta as\u00ed con un espacio en el que \u00abtodos los visitantes podr\u00e1n adquirir una amplia variedad de modelos tanto de ocasi\u00f3n especial como para el d\u00eda a d\u00eda\u00bb.<\/p>\n<p>\nPRIMERAS APERTURAS PARA 2024<\/p>\n<p> En l\u00ednea con su apuesta por las nuevas aperturas, el centro comercial comenzar\u00e1 el a\u00f1o con la llegada de la Agencia de Viajes El Corte Ingl\u00e9s, que ofrecer\u00e1 sus servicios en un nuevo emplazamiento situado junto a Lollipops. As\u00ed, la compa\u00f1\u00eda seguir\u00e1 ofreciendo a los visitantes la oportunidad de realizar viajes en familia, salidas de fin de semana, vacaciones de verano, lunas de miel, as\u00ed como viajes profesionales y de negocios; \u00abtodo ello con tarifas econ\u00f3micas muy ventajosas y un servicio a la medida\u00bb, seg\u00fan han indicado.<\/p>\n<p> El servicio de agencia de viajes podr\u00e1 complementarse a la perfecci\u00f3n con los productos de la posterior apertura que llegar\u00e1 a El Faro a mediados de enero, la de la marca especializada en bolsos, mochilas y maletas, Paco Mart\u00ednez. La ense\u00f1a, que cuenta con m\u00e1s de 100 tiendas distribuidas entre territorio nacional e internacional, se ha convertido en \u00abuna marca de referencia con una oferta clara y de calidad, que adapta sus productos a las necesidades de sus clientes\u00bb.<\/p>\n<p> Una apuesta por nuevos aires se vivir\u00e1 tambi\u00e9n con la inauguraci\u00f3n del nuevo restaurante Wok, que aterrizar\u00e1 a finales de enero en la zona de restauraci\u00f3n &amp; ocio de El Patio, con un espacio fresco y agradable de m\u00e1s de 500 metros cuadrados. Centrado en la cocina asi\u00e1tica y en diversas especialidades, este concepto innovador de buffet libre se ha convertido en una opci\u00f3n ideal para los clientes que apuesten por la gastronom\u00eda internacional.<\/p>\n<p> El Faro, propiedad de Castellana Properties y gestionado por Cushman &amp; Wakefield, como motor econ\u00f3mico y social de la regi\u00f3n, desarrolla a lo largo del a\u00f1o distintas acciones sociales, ambientales y culturales a fin de colaborar en la mejora y enriquecimiento de su entorno m\u00e1s inmediato. La realizaci\u00f3n en sus instalaciones de estas iniciativas forma parte de su responsabilidad que persigue la continua involucraci\u00f3n en la vida de los pacenses.<\/p>\n","protected":false},"excerpt":{"rendered":"<p>BADAJOZ, 12 (EUROPA PRESS) El centro comercial El Faro, en Badajoz, ha cerrado 2023 con r\u00e9cord de visitas. M\u00e1s de ocho millones de personas pasaron por sus instalaciones durante el pasado ejercicio, cifra r\u00e9cord en los once a\u00f1os de vida del centro. Al crecimiento de visitantes, se suma la atracci\u00f3n de nuevas marcas. As\u00ed, El [&hellip;]<\/p>\n","protected":false},"author":1,"featured_media":0,"comment_status":"closed","ping_status":"closed","sticky":false,"template":"","format":"standard","meta":{"footnotes":""},"categories":[],"tags":[],"class_list":["post-49254","post","type-post","status-publish","format-standard","hentry"],"_links":{"self":[{"href":"https:\/\/webciudadana.net\/index.php?rest_route=\/wp\/v2\/posts\/49254","targetHints":{"allow":["GET"]}}],"collection":[{"href":"https:\/\/webciudadana.net\/index.php?rest_route=\/wp\/v2\/posts"}],"about":[{"href":"https:\/\/webciudadana.net\/index.php?rest_route=\/wp\/v2\/types\/post"}],"author":[{"embeddable":true,"href":"https:\/\/webciudadana.net\/index.php?rest_route=\/wp\/v2\/users\/1"}],"replies":[{"embeddable":true,"href":"https:\/\/webciudadana.net\/index.php?rest_route=%2Fwp%2Fv2%2Fcomments&post=49254"}],"version-history":[{"count":0,"href":"https:\/\/webciudadana.net\/index.php?rest_route=\/wp\/v2\/posts\/49254\/revisions"}],"wp:attachment":[{"href":"https:\/\/webciudadana.net\/index.php?rest_route=%2Fwp%2Fv2%2Fmedia&parent=49254"}],"wp:term":[{"taxonomy":"category","embeddable":true,"href":"https:\/\/webciudadana.net\/index.php?rest_route=%2Fwp%2Fv2%2Fcategories&post=49254"},{"taxonomy":"post_tag","embeddable":true,"href":"https:\/\/webciudadana.net\/index.php?rest_route=%2Fwp%2Fv2%2Ftags&post=49254"}],"curies":[{"name":"wp","href":"https:\/\/api.w.org\/{rel}","templated":true}]}}