{"id":49259,"date":"2024-01-12T13:47:43","date_gmt":"2024-01-12T12:47:43","guid":{"rendered":"https:\/\/ticker-noticiasep.microcontenidos.com\/NoticiaRSS.vbhtml?user=XRNR562DLR&amp;cod=20240112134743"},"modified":"2024-01-12T13:47:43","modified_gmt":"2024-01-12T12:47:43","slug":"empresas-helpage-y-el-telefono-de-la-esperanza-firman-un-convenio-para-mejorar-la-atencion-de-las-personas-mayores","status":"publish","type":"post","link":"https:\/\/webciudadana.net\/?p=49259","title":{"rendered":"Empresas.- HelpAge y el Tel\u00e9fono de la Esperanza firman un convenio para mejorar la atenci\u00f3n de las personas mayores"},"content":{"rendered":"\n<div><img decoding=\"async\" src=\"\/wp-content\/uploads\/sites\/2\/2024\/01\/empresas-helpage-y-el-telefono-de-la-esperanza-firman-un-convenio-para-mejorar-la-atencion-de-las-personas-mayores.jpg\" class=\"ff-og-image-inserted\"><\/div>\n<p> MADRID, 12 (EUROPA PRESS)<\/p>\n<p> La presidenta de HelpAge International Espa\u00f1a, Isabel Mart\u00ednez y el presidente del Tel\u00e9fono de la Esperanza, Miguel \u00c1ngel Terrero Prada, firman un convenio de colaboraci\u00f3n con el objetivo de proporcionar orientaci\u00f3n y seguimiento a las personas mayores en situaciones de discriminaci\u00f3n por raz\u00f3n de edad.<\/p>\n<p> Seg\u00fan destacan las organizaciones, la discriminaci\u00f3n, los estereotipos y los prejuicios basados en la edad constituyen desaf\u00edos cotidianos para las personas mayores.<\/p>\n<p> En esta l\u00ednea, se\u00f1alan que seg\u00fan un informe de la Organizaci\u00f3n Mundial de la Salud (OMS) sobre edadismo, el 96 por ciento de los estudios que examinaron la relaci\u00f3n entre el edadismo y la salud mental, aportaron evidencia de que el edadismo influye en trastornos psiqui\u00e1tricos, como la depresi\u00f3n o el deterioro cognitivo.<\/p>\n<p> Asimismo, de acuerdo con los \u00faltimos informes del Servicio Estatal de Atenci\u00f3n a Personas Mayores (SEAM), las consultas realizadas por las personas mayores a este servicio se concentran en la solicitud de informaci\u00f3n sobre prestaciones y servicios, soledad, brecha digital y cuidados.<\/p>\n<p> Para dar seguimiento a estas consultas, en el marco de este convenio, tanto el Tel\u00e9fono de la Esperanza como HelpAge International Espa\u00f1a, a trav\u00e9s principalmente de su proyecto el SEAM, se comprometen a llevar a cabo una serie de actividades focalizadas en brindar asistencia y orientaci\u00f3n a las personas mayores.<\/p>\n<p> De esta manera, las entidades se comprometen a la derivaci\u00f3n rec\u00edproca de consultas, en funci\u00f3n de sus circunstancias, y la formaci\u00f3n y sensibilizaci\u00f3n sobre temas relacionados con la discriminaci\u00f3n a las personas mayores y en materia de derechos y buen trato.<\/p>\n<p> Como objetivo final, las organizaciones subrayan que con este convenio se pretende contribuir a mejorar la calidad de vida de las personas mayores que est\u00e9n sufriendo una situaci\u00f3n de discriminaci\u00f3n por raz\u00f3n de edad y se encuentren, asimismo, en una situaci\u00f3n de crisis y soledad no deseada.<\/p>\n","protected":false},"excerpt":{"rendered":"<p>MADRID, 12 (EUROPA PRESS) La presidenta de HelpAge International Espa\u00f1a, Isabel Mart\u00ednez y el presidente del Tel\u00e9fono de la Esperanza, Miguel \u00c1ngel Terrero Prada, firman un convenio de colaboraci\u00f3n con el objetivo de proporcionar orientaci\u00f3n y seguimiento a las personas mayores en situaciones de discriminaci\u00f3n por raz\u00f3n de edad. Seg\u00fan destacan las organizaciones, la discriminaci\u00f3n, [&hellip;]<\/p>\n","protected":false},"author":1,"featured_media":0,"comment_status":"closed","ping_status":"closed","sticky":false,"template":"","format":"standard","meta":{"footnotes":""},"categories":[],"tags":[],"class_list":["post-49259","post","type-post","status-publish","format-standard","hentry"],"_links":{"self":[{"href":"https:\/\/webciudadana.net\/index.php?rest_route=\/wp\/v2\/posts\/49259","targetHints":{"allow":["GET"]}}],"collection":[{"href":"https:\/\/webciudadana.net\/index.php?rest_route=\/wp\/v2\/posts"}],"about":[{"href":"https:\/\/webciudadana.net\/index.php?rest_route=\/wp\/v2\/types\/post"}],"author":[{"embeddable":true,"href":"https:\/\/webciudadana.net\/index.php?rest_route=\/wp\/v2\/users\/1"}],"replies":[{"embeddable":true,"href":"https:\/\/webciudadana.net\/index.php?rest_route=%2Fwp%2Fv2%2Fcomments&post=49259"}],"version-history":[{"count":0,"href":"https:\/\/webciudadana.net\/index.php?rest_route=\/wp\/v2\/posts\/49259\/revisions"}],"wp:attachment":[{"href":"https:\/\/webciudadana.net\/index.php?rest_route=%2Fwp%2Fv2%2Fmedia&parent=49259"}],"wp:term":[{"taxonomy":"category","embeddable":true,"href":"https:\/\/webciudadana.net\/index.php?rest_route=%2Fwp%2Fv2%2Fcategories&post=49259"},{"taxonomy":"post_tag","embeddable":true,"href":"https:\/\/webciudadana.net\/index.php?rest_route=%2Fwp%2Fv2%2Ftags&post=49259"}],"curies":[{"name":"wp","href":"https:\/\/api.w.org\/{rel}","templated":true}]}}