{"id":49270,"date":"2024-01-15T08:02:10","date_gmt":"2024-01-15T07:02:10","guid":{"rendered":"https:\/\/ticker-noticiasep.microcontenidos.com\/NoticiaRSS.vbhtml?user=XRNR562DLR&amp;cod=20240115080210"},"modified":"2024-01-15T08:02:10","modified_gmt":"2024-01-15T07:02:10","slug":"mundo-campana-human-change-lanzada-en-el-foro-economico-mundial-de-davos-para-hacer-de-la-salud-mental-de-los-ninos-una-priori","status":"publish","type":"post","link":"https:\/\/webciudadana.net\/?p=49270","title":{"rendered":"Mundo: Campa\u00f1a Human Change lanzada en el Foro Econ\u00f3mico Mundial de Davos para hacer de la salud mental de los ni\u00f1os una priori"},"content":{"rendered":"\n<div><img decoding=\"async\" src=\"\/wp-content\/uploads\/sites\/2\/2024\/01\/mundo-campana-human-change-lanzada-en-el-foro-economico-mundial-de-davos-para-hacer-de-la-salud-mental-de-los-ninos-una-priori.jpg\" class=\"ff-og-image-inserted\"><\/div>\n<p>(Informaci\u00f3n remitida por la empresa firmante)<\/p>\n<p> &#8216;El cambio humano&#8217; est\u00e1 sucediendo ahora, causado por la sobredigitalizaci\u00f3n de la vida de los ni\u00f1os: el mundo debe priorizar la alineaci\u00f3n del progreso tecnol\u00f3gico con el desarrollo saludable de los ni\u00f1os.<\/p>\n<p> DAVOS, Suiza, 15 de enero de 2024 \/PRNewswire\/ &#8212; La campa\u00f1a de promoci\u00f3n global, Human Change, se lanz\u00f3 hoy en Davos durante el Foro Econ\u00f3mico Mundial para crear conciencia e instigar una transformaci\u00f3n en la forma en que los ni\u00f1os abordan las redes sociales y la digitalizaci\u00f3n de sus vidas.<\/p>\n<p> La campa\u00f1a, fundada por Margarita Louis-Dreyfus, une a personas de todos los \u00e1mbitos de la vida (acad\u00e9micos, pediatras, defensores, profesionales, profesores y, lo m\u00e1s importante, padres y j\u00f3venes) en un compromiso compartido de proteger a los ni\u00f1os de los efectos perjudiciales de la digitalizaci\u00f3n.<\/p>\n<p> La campa\u00f1a Human Change est\u00e1 comprometida a remodelar la narrativa de salud global y llevar el impacto de las redes sociales y los dispositivos digitales en el bienestar de los ni\u00f1os al frente de la conversaci\u00f3n global sobre salud.<\/p>\n<p> En una serie de paneles de discusi\u00f3n de vanguardia, expertos internacionales en psicolog\u00eda, medicina, negocios, gobierno y m\u00e1s se reunir\u00e1n en Human Change House para debatir c\u00f3mo la digitalizaci\u00f3n y las redes sociales est\u00e1n cambiando a nuestros ni\u00f1os, y c\u00f3mo estos ni\u00f1os como adultos moldear\u00e1n la sociedad del futuro. Otras discusiones se centrar\u00e1n en \u00bfcu\u00e1nta tecnolog\u00eda educativa es demasiada? \u00bfTienen los gobiernos la responsabilidad de regular mejor la tecnolog\u00eda para proteger a las generaciones futuras? \u00bfY cu\u00e1l es el impacto de la adicci\u00f3n digital en la fuerza laboral del futuro?<\/p>\n<p>\nM\u00e9dicos destacados, l\u00edderes en su campo, buscar\u00e1n respuestas a estas preguntas apremiantes y m\u00e1s.<\/p>\n<p> El p\u00fablico de Davos escuchar\u00e1 argumentos respaldados por la ciencia del Dr. Mitch Prinstein, director cient\u00edfico de la Asociaci\u00f3n Estadounidense de Psicolog\u00eda; el Dr. Michael Rich, fundador del Digital Wellness Lab, del Boston Children&#8217;s Hospital, y la Dra. Stacy Drury, psiquiatra, as\u00ed como el Dr. Jim Winston, Psic\u00f3logo y Fideicomisario de la Winston Family Foundation.<\/p>\n<p> Adem\u00e1s, los paneles contar\u00e1n con la Dra. Gaia Bernstein, codirectora del Instituto Gibbons de Ciencia y Tecnolog\u00eda Jur\u00eddica de la Facultad de Derecho de la Universidad Seton Hall, de Human Change, quien discutir\u00e1 c\u00f3mo se deben extraer lecciones de las industrias tabacalera y alimentaria; y Chris McKenna, consejero delegado y fundador de Protect Young Eyes, sobre la regulaci\u00f3n gubernamental urgente que se necesita para frenar la adicci\u00f3n a la tecnolog\u00eda.<\/p>\n<p> La campa\u00f1a Human Change se enorgullece de compartir su plataforma con Larissa May, fundadora y directora ejecutiva de #HalftheStory y el Dr. Phil McRae, funcionario ejecutivo de la Asociaci\u00f3n de Maestros de Alberta, quienes est\u00e1n potenciando la relaci\u00f3n de la pr\u00f3xima generaci\u00f3n con las redes sociales, la salud mental y la tecnolog\u00eda \u2013 fomentando diferentes perspectivas sobre las tecnolog\u00edas emergentes.<\/p>\n<p> Los principales comentaristas de Human Change se reunieron para analizar lo que se puede hacer junto con distinguidos miembros de WEF, incluidos Frank McCourt de McCourt Global y Julie Inman Grant, comisionada australiana de eSafety.<\/p>\n<p> Human Change House estar\u00e1 abierta todos los d\u00edas en el Davos Promenade 49, con paneles y recepciones.<\/p>\n<p> Si desea asistir a alg\u00fan evento en Human Change House, confirme su asistencia a info@humanchange.com.<\/p>\n<blockquote class=\"wp-embedded-content\" data-secret=\"8SmMcZ5uPd\"><p><a href=\"https:\/\/humanchange.com\/\">Home<\/a><\/p><\/blockquote>\n<p><iframe loading=\"lazy\" class=\"wp-embedded-content\" sandbox=\"allow-scripts\" security=\"restricted\" style=\"position: absolute; clip: rect(1px, 1px, 1px, 1px);\" title=\"&#8220;Home&#8221; &#8212; Human Change\" src=\"https:\/\/humanchange.com\/embed\/#?secret=VbVn9Qa6Jl#?secret=8SmMcZ5uPd\" data-secret=\"8SmMcZ5uPd\" width=\"600\" height=\"338\" frameborder=\"0\" marginwidth=\"0\" marginheight=\"0\" scrolling=\"no\"><\/iframe><\/p>\n<p>\nContacto:<\/p>\n<p>\nHuman Change<\/p>\n<p>\ninfo@humanchange.com<\/p>\n<p>\nLogo &#8212; https:\/\/mma.prnewswire.com\/media\/2317595\/Human_Change_Logo.jpg<\/p>\n<p> View original content:https:\/\/www.prnewswire.com\/news-releases\/campana-human-change-lanzada-en-el-foro-economico-mundial-de-davos-para-hacer-de-la-salud-mental-de-los-ninos-una-prioridad-mundial-302034153.html<\/p>\n","protected":false},"excerpt":{"rendered":"<p>(Informaci\u00f3n remitida por la empresa firmante) &#8216;El cambio humano&#8217; est\u00e1 sucediendo ahora, causado por la sobredigitalizaci\u00f3n de la vida de los ni\u00f1os: el mundo debe priorizar la alineaci\u00f3n del progreso tecnol\u00f3gico con el desarrollo saludable de los ni\u00f1os. DAVOS, Suiza, 15 de enero de 2024 \/PRNewswire\/ &#8212; La campa\u00f1a de promoci\u00f3n global, Human Change, se [&hellip;]<\/p>\n","protected":false},"author":1,"featured_media":0,"comment_status":"closed","ping_status":"closed","sticky":false,"template":"","format":"standard","meta":{"footnotes":""},"categories":[],"tags":[],"class_list":["post-49270","post","type-post","status-publish","format-standard","hentry"],"_links":{"self":[{"href":"https:\/\/webciudadana.net\/index.php?rest_route=\/wp\/v2\/posts\/49270","targetHints":{"allow":["GET"]}}],"collection":[{"href":"https:\/\/webciudadana.net\/index.php?rest_route=\/wp\/v2\/posts"}],"about":[{"href":"https:\/\/webciudadana.net\/index.php?rest_route=\/wp\/v2\/types\/post"}],"author":[{"embeddable":true,"href":"https:\/\/webciudadana.net\/index.php?rest_route=\/wp\/v2\/users\/1"}],"replies":[{"embeddable":true,"href":"https:\/\/webciudadana.net\/index.php?rest_route=%2Fwp%2Fv2%2Fcomments&post=49270"}],"version-history":[{"count":0,"href":"https:\/\/webciudadana.net\/index.php?rest_route=\/wp\/v2\/posts\/49270\/revisions"}],"wp:attachment":[{"href":"https:\/\/webciudadana.net\/index.php?rest_route=%2Fwp%2Fv2%2Fmedia&parent=49270"}],"wp:term":[{"taxonomy":"category","embeddable":true,"href":"https:\/\/webciudadana.net\/index.php?rest_route=%2Fwp%2Fv2%2Fcategories&post=49270"},{"taxonomy":"post_tag","embeddable":true,"href":"https:\/\/webciudadana.net\/index.php?rest_route=%2Fwp%2Fv2%2Ftags&post=49270"}],"curies":[{"name":"wp","href":"https:\/\/api.w.org\/{rel}","templated":true}]}}