{"id":49277,"date":"2024-01-15T11:11:51","date_gmt":"2024-01-15T10:11:51","guid":{"rendered":"https:\/\/ticker-noticiasep.microcontenidos.com\/NoticiaRSS.vbhtml?user=XRNR562DLR&amp;cod=20240115111151"},"modified":"2024-01-15T11:11:51","modified_gmt":"2024-01-15T10:11:51","slug":"caeb-pone-en-marcha-los-premios-empresa-circular","status":"publish","type":"post","link":"https:\/\/webciudadana.net\/?p=49277","title":{"rendered":"CAEB pone en marcha los Premios &#8216;Empresa Circular&#8217;"},"content":{"rendered":"\n<div><img decoding=\"async\" src=\"\/wp-content\/uploads\/sites\/2\/2024\/01\/caeb-pone-en-marcha-los-premios-empresa-circular.jpg\" class=\"ff-og-image-inserted\"><\/div>\n<p>Las empresas interesadas en este reconocimiento pueden presentar sus candidaturas hasta el pr\u00f3ximo 23 de febrero<\/p>\n<p> PALMA, 15 (EUROPA PRESS)<\/p>\n<p> La Confederaci\u00f3n de Asociaciones Empresariales de Balears (CAEB) ha puesto en marcha los Premios &#8216;Empresa Circular&#8217; y las empresas interesadas en este reconocimiento pueden presentar sus candidaturas hasta el pr\u00f3ximo 23 de febrero.<\/p>\n<p> En una nota de prensa, CAEB ha informado de la puesta en marcha este 2024 de la primera edici\u00f3n de los Premios &#8216;Empresa Circular&#8217;, una nueva iniciativa de la patronal balear que persigue visibilizar, reconocer e incentivar los modelos circulares para contribuir a hacer frente a la crisis clim\u00e1tica y garantizar la competitividad y la sostenibilidad econ\u00f3mica, social y medioambiental de Baleares.<\/p>\n<p> Esta primera convocatoria cuenta con el apoyo de Banco Sabadell, Endesa y Tirme, y est\u00e1 destinada a aquellas empresas de Baleares que han iniciado el camino a la circularidad, apostando por el uso eficiente de los recursos, por la minimizaci\u00f3n de residuos, su reciclaje y, o bien, reutilizaci\u00f3n, por el alargamiento de la vida de los productos, la innovaci\u00f3n en dise\u00f1os y procesos para hacerlos m\u00e1s ecol\u00f3gicos, o la incorporaci\u00f3n de tecnolog\u00eda para conseguir m\u00e9tricas que faciliten la toma de decisiones, entre otros. El plazo para la presentaci\u00f3n de candidaturas finalizar\u00e1 el 23 de febrero.<\/p>\n<p> \u00abEn el tr\u00e1nsito hacia el sistema tur\u00edstico circular que estamos promoviendo necesitamos la implicaci\u00f3n de todos los sectores, uno s\u00f3lo no lo va a conseguir\u00bb, ha recordado la presidenta de CAEB, Carmen Planas.<\/p>\n<p> En este sentido, durante la \u00faltima Asamblea de CAEB celebrada a finales de diciembre, Planas puso \u00e9nfasis en la reciente creaci\u00f3n de la Comisi\u00f3n de Circularidad, que nace \u00abcon la necesidad, expuesta por varias asociaciones empresariales, de que CAEB lidere un plan de acci\u00f3n transversal que impulse, reivindique y facilite el tr\u00e1nsito de modelos lineales a los modelos circulares\u00bb.<\/p>\n<p> Para alcanzar un modelo circular cada empresa y actividad tiene que analizar sus propias circunstancias y realizar su transici\u00f3n, teniendo siempre presente la mejora continua y la innovaci\u00f3n.<\/p>\n<p> Los m\u00e9ritos a valorar para la concesi\u00f3n de los Premios &#8216;Empresa Circular&#8217; ser\u00e1n el compromiso de la direcci\u00f3n empresarial para la integraci\u00f3n de medidas circulares en toda la cadena de valor; el an\u00e1lisis de ciclo de vida de producto o servicio; el uso eficiente de materias primas y materiales reciclados y, o bien, reciclables; el uso de fuentes de energ\u00eda renovables; las pr\u00e1cticas de consumo sostenible y responsable; las formaciones realizadas en materia de econom\u00eda circular; las acciones de sensibilizaci\u00f3n a clientes internos y externos; o la inversi\u00f3n tecnol\u00f3gica, entre otros.<\/p>\n<p>\nCUATRO CATEGOR\u00cdAS DIVIDIDAS POR TAMA\u00d1O DE LA EMPRESA<\/p>\n<p> Los I Premios &#8216;Empresa Circular&#8217; repartir\u00e1n cuatro reconocimientos en funci\u00f3n del tama\u00f1o de la empresa &#8211;microempresa circular &#8211;de uno a nueve trabajadores&#8211;; peque\u00f1a empresa circular &#8211;de 10 a 49&#8211;; mediana empresa circular &#8211;de 50 a 249&#8211; y gran empresa circular &#8211;de 250 o m\u00e1s&#8211;.<\/p>\n<p> Las empresas que deseen presentar sus candidaturas encontrar\u00e1n las bases de participaci\u00f3n a trav\u00e9s de la web de CAEB. Una comisi\u00f3n t\u00e9cnica seleccionar\u00e1 las empresas finalistas, que ser\u00e1n convocadas a defender su candidatura ante un jurado formado por representantes de las entidades organizadoras y colaboradoras, as\u00ed como por expertos en econom\u00eda circular.<\/p>\n<p> La entrega de los I Premios &#8216;Empresa Circular&#8217; tendr\u00e1 lugar el viernes 22 de marzo de 2024 a las 13.00 horas en la sede de CAEB. Las empresas ganadoras recibir\u00e1n el sello Empresa Circular 2023, que podr\u00e1n difundir como garant\u00eda de compromiso con la circularidad en Baleares. Asimismo, CAEB invitar\u00e1 a los ganadores a participar de los Premios Nacionales Cepyme.<\/p>\n","protected":false},"excerpt":{"rendered":"<p>Las empresas interesadas en este reconocimiento pueden presentar sus candidaturas hasta el pr\u00f3ximo 23 de febrero PALMA, 15 (EUROPA PRESS) La Confederaci\u00f3n de Asociaciones Empresariales de Balears (CAEB) ha puesto en marcha los Premios &#8216;Empresa Circular&#8217; y las empresas interesadas en este reconocimiento pueden presentar sus candidaturas hasta el pr\u00f3ximo 23 de febrero. En una [&hellip;]<\/p>\n","protected":false},"author":1,"featured_media":0,"comment_status":"closed","ping_status":"closed","sticky":false,"template":"","format":"standard","meta":{"footnotes":""},"categories":[],"tags":[],"class_list":["post-49277","post","type-post","status-publish","format-standard","hentry"],"_links":{"self":[{"href":"https:\/\/webciudadana.net\/index.php?rest_route=\/wp\/v2\/posts\/49277","targetHints":{"allow":["GET"]}}],"collection":[{"href":"https:\/\/webciudadana.net\/index.php?rest_route=\/wp\/v2\/posts"}],"about":[{"href":"https:\/\/webciudadana.net\/index.php?rest_route=\/wp\/v2\/types\/post"}],"author":[{"embeddable":true,"href":"https:\/\/webciudadana.net\/index.php?rest_route=\/wp\/v2\/users\/1"}],"replies":[{"embeddable":true,"href":"https:\/\/webciudadana.net\/index.php?rest_route=%2Fwp%2Fv2%2Fcomments&post=49277"}],"version-history":[{"count":0,"href":"https:\/\/webciudadana.net\/index.php?rest_route=\/wp\/v2\/posts\/49277\/revisions"}],"wp:attachment":[{"href":"https:\/\/webciudadana.net\/index.php?rest_route=%2Fwp%2Fv2%2Fmedia&parent=49277"}],"wp:term":[{"taxonomy":"category","embeddable":true,"href":"https:\/\/webciudadana.net\/index.php?rest_route=%2Fwp%2Fv2%2Fcategories&post=49277"},{"taxonomy":"post_tag","embeddable":true,"href":"https:\/\/webciudadana.net\/index.php?rest_route=%2Fwp%2Fv2%2Ftags&post=49277"}],"curies":[{"name":"wp","href":"https:\/\/api.w.org\/{rel}","templated":true}]}}