{"id":49281,"date":"2024-01-15T12:54:08","date_gmt":"2024-01-15T11:54:08","guid":{"rendered":"https:\/\/ticker-noticiasep.microcontenidos.com\/NoticiaRSS.vbhtml?user=XRNR562DLR&amp;cod=20240115125408"},"modified":"2024-01-15T12:54:08","modified_gmt":"2024-01-15T11:54:08","slug":"roche-farma-y-cabify-se-unen-para-ayudar-a-personas-con-sindrome-de-down-y-otras-discapacidades-intelectuales","status":"publish","type":"post","link":"https:\/\/webciudadana.net\/?p=49281","title":{"rendered":"Roche Farma y Cabify se unen para ayudar a personas con s\u00edndrome de Down y otras discapacidades intelectuales"},"content":{"rendered":"\n<p> MADRID, 15 (EUROPA PRESS)<\/p>\n<p> Roche Farma y Cabify se han unido para impulsar una campa\u00f1a solidaria en apoyo a las personas con s\u00edndrome de Down y otras discapacidades intelectuales, a trav\u00e9s de la recaudaci\u00f3n de fondos dirigidos a Down Madrid.<\/p>\n<p> A trav\u00e9s de los trayectos realizados por los empleados y empleadas de Roche a trav\u00e9s de su cuenta corporativa, Cabify har\u00e1 una aportaci\u00f3n a la causa, durante los meses de diciembre y enero.<\/p>\n<p> \u00abNos hace mucha ilusi\u00f3n embarcarnos en este viaje solidario junto a Cabify. Saber que nuestros trayectos van a transformarse en ayuda para las personas con s\u00edndrome de Down y otras discapacidades intelectuales, es algo que nos hace estar muy orgullosos\u00bb, ha se\u00f1alado la directora de Comunicaci\u00f3n, Pacientes y RSC de Roche Farma Espa\u00f1a, Beatriz Lozano.<\/p>\n<p> Por su parte, el regional manager de Cabify en Espa\u00f1a, Daniel Bedoya, ha destacado que \u00abeste proyecto es posible gracias a Roche\u00bb, que va en l\u00ednea con su compromiso \u00abde hacer de las ciudades mejores lugares para vivir\u00bb.<\/p>\n","protected":false},"excerpt":{"rendered":"<p>MADRID, 15 (EUROPA PRESS) Roche Farma y Cabify se han unido para impulsar una campa\u00f1a solidaria en apoyo a las personas con s\u00edndrome de Down y otras discapacidades intelectuales, a trav\u00e9s de la recaudaci\u00f3n de fondos dirigidos a Down Madrid. A trav\u00e9s de los trayectos realizados por los empleados y empleadas de Roche a trav\u00e9s [&hellip;]<\/p>\n","protected":false},"author":1,"featured_media":0,"comment_status":"closed","ping_status":"closed","sticky":false,"template":"","format":"standard","meta":{"footnotes":""},"categories":[],"tags":[],"class_list":["post-49281","post","type-post","status-publish","format-standard","hentry"],"_links":{"self":[{"href":"https:\/\/webciudadana.net\/index.php?rest_route=\/wp\/v2\/posts\/49281","targetHints":{"allow":["GET"]}}],"collection":[{"href":"https:\/\/webciudadana.net\/index.php?rest_route=\/wp\/v2\/posts"}],"about":[{"href":"https:\/\/webciudadana.net\/index.php?rest_route=\/wp\/v2\/types\/post"}],"author":[{"embeddable":true,"href":"https:\/\/webciudadana.net\/index.php?rest_route=\/wp\/v2\/users\/1"}],"replies":[{"embeddable":true,"href":"https:\/\/webciudadana.net\/index.php?rest_route=%2Fwp%2Fv2%2Fcomments&post=49281"}],"version-history":[{"count":0,"href":"https:\/\/webciudadana.net\/index.php?rest_route=\/wp\/v2\/posts\/49281\/revisions"}],"wp:attachment":[{"href":"https:\/\/webciudadana.net\/index.php?rest_route=%2Fwp%2Fv2%2Fmedia&parent=49281"}],"wp:term":[{"taxonomy":"category","embeddable":true,"href":"https:\/\/webciudadana.net\/index.php?rest_route=%2Fwp%2Fv2%2Fcategories&post=49281"},{"taxonomy":"post_tag","embeddable":true,"href":"https:\/\/webciudadana.net\/index.php?rest_route=%2Fwp%2Fv2%2Ftags&post=49281"}],"curies":[{"name":"wp","href":"https:\/\/api.w.org\/{rel}","templated":true}]}}