{"id":49307,"date":"2024-01-16T11:08:49","date_gmt":"2024-01-16T10:08:49","guid":{"rendered":"https:\/\/ticker-noticiasep.microcontenidos.com\/NoticiaRSS.vbhtml?user=XRNR562DLR&amp;cod=20240116110849"},"modified":"2024-01-16T11:08:49","modified_gmt":"2024-01-16T10:08:49","slug":"carmila-y-cruz-roja-refuerzan-su-colaboracion-para-impulsar-el-bienestar-social-y-el-emprendimiento","status":"publish","type":"post","link":"https:\/\/webciudadana.net\/?p=49307","title":{"rendered":"Carmila y Cruz Roja refuerzan su colaboraci\u00f3n para impulsar el bienestar social y el emprendimiento"},"content":{"rendered":"\n<div><img decoding=\"async\" src=\"\/wp-content\/uploads\/sites\/2\/2024\/01\/carmila-y-cruz-roja-refuerzan-su-colaboracion-para-impulsar-el-bienestar-social-y-el-emprendimiento.jpg\" class=\"ff-og-image-inserted\"><\/div>\n<p> MADRID, 16 (EUROPA PRESS)<\/p>\n<p> Carmila y Cruz Roja han formalizado el convenio de colaboraci\u00f3n destinado a difundir los principios sociales de ambas organizaciones y perseguir objetivos conjuntos en beneficio de la sociedad espa\u00f1ola, como avanzan en un comunicado.<\/p>\n<p> La colaboraci\u00f3n de la inmobiliaria con la entidad lleva en marcha varios a\u00f1os a trav\u00e9s de la cesi\u00f3n de espacios y se ha hecho finalmente oficial a trav\u00e9s de un acuerdo que han firmado la presidenta y CEO de Carmila, Marie Cheval y la secretaria general de Cruz Roja, Asunci\u00f3n Montero Fuentes.<\/p>\n<p> Entre otras novedades, el acuerdo incluye la apuesta por el proyecto &#8216;Premios Impulsa al Empleo&#8217; que apoya a emprendedores y aut\u00f3nomos, una iniciativa que se une al resto de acciones que ambas entidades vienen llevando a cabo en los centros comerciales de Carmila.<\/p>\n<p> Dentro del marco de esta colaboraci\u00f3n, Carmila ha respaldado el proyecto &#8216;Premios Impulsa al Autoempleo&#8217; creado por Cruz Roja, unos galardones que buscan apoyar a emprendedores y aut\u00f3nomos mediante ayudas econ\u00f3micas y la difusi\u00f3n de sus iniciativas empresariales.<\/p>\n<p> En la edici\u00f3n de 2023, Carmila ha colaborado en la categor\u00eda de Consolidaci\u00f3n, aportando una dotaci\u00f3n econ\u00f3mica de 5.000 euros repartidos entre tres candidaturas, en el que la primera recibir\u00e1 una ayuda de 2.500 euros, la segunda de 1.500 y la tercera de 1.000 euros.<\/p>\n<p> Estas ayudas directas de Carmila estar\u00e1n destinadas a respaldar a emprendedores con negocios consolidados, fomentando la econom\u00eda circular y la sostenibilidad, y podr\u00e1n invertirse en conceptos como alquiler de local, equipamiento, suministros, mercader\u00edas y marketing.<\/p>\n<p> \u00abEsta colaboraci\u00f3n representa un compromiso conjunto de Carmila y Cruz Roja para contribuir al bienestar social y fomentar el esp\u00edritu emprendedor en Espa\u00f1a. Esta acci\u00f3n es una prueba del compromiso de nuestra empresa con los territorios y la justicia social\u00bb, ha asegurado la gerente ASG y proyectos transversales de Carmila, F\u00e1tima \u00c1lvarez-Cofi\u00f1o.<\/p>\n","protected":false},"excerpt":{"rendered":"<p>MADRID, 16 (EUROPA PRESS) Carmila y Cruz Roja han formalizado el convenio de colaboraci\u00f3n destinado a difundir los principios sociales de ambas organizaciones y perseguir objetivos conjuntos en beneficio de la sociedad espa\u00f1ola, como avanzan en un comunicado. La colaboraci\u00f3n de la inmobiliaria con la entidad lleva en marcha varios a\u00f1os a trav\u00e9s de la [&hellip;]<\/p>\n","protected":false},"author":1,"featured_media":0,"comment_status":"closed","ping_status":"closed","sticky":false,"template":"","format":"standard","meta":{"footnotes":""},"categories":[],"tags":[],"class_list":["post-49307","post","type-post","status-publish","format-standard","hentry"],"_links":{"self":[{"href":"https:\/\/webciudadana.net\/index.php?rest_route=\/wp\/v2\/posts\/49307","targetHints":{"allow":["GET"]}}],"collection":[{"href":"https:\/\/webciudadana.net\/index.php?rest_route=\/wp\/v2\/posts"}],"about":[{"href":"https:\/\/webciudadana.net\/index.php?rest_route=\/wp\/v2\/types\/post"}],"author":[{"embeddable":true,"href":"https:\/\/webciudadana.net\/index.php?rest_route=\/wp\/v2\/users\/1"}],"replies":[{"embeddable":true,"href":"https:\/\/webciudadana.net\/index.php?rest_route=%2Fwp%2Fv2%2Fcomments&post=49307"}],"version-history":[{"count":0,"href":"https:\/\/webciudadana.net\/index.php?rest_route=\/wp\/v2\/posts\/49307\/revisions"}],"wp:attachment":[{"href":"https:\/\/webciudadana.net\/index.php?rest_route=%2Fwp%2Fv2%2Fmedia&parent=49307"}],"wp:term":[{"taxonomy":"category","embeddable":true,"href":"https:\/\/webciudadana.net\/index.php?rest_route=%2Fwp%2Fv2%2Fcategories&post=49307"},{"taxonomy":"post_tag","embeddable":true,"href":"https:\/\/webciudadana.net\/index.php?rest_route=%2Fwp%2Fv2%2Ftags&post=49307"}],"curies":[{"name":"wp","href":"https:\/\/api.w.org\/{rel}","templated":true}]}}