{"id":49311,"date":"2024-01-16T12:23:51","date_gmt":"2024-01-16T11:23:51","guid":{"rendered":"https:\/\/ticker-noticiasep.microcontenidos.com\/NoticiaRSS.vbhtml?user=XRNR562DLR&amp;cod=20240116122351"},"modified":"2024-01-16T12:23:51","modified_gmt":"2024-01-16T11:23:51","slug":"torres-bbva-pide-en-davos-involucrar-al-consumidor-final-en-la-transicion-energetica","status":"publish","type":"post","link":"https:\/\/webciudadana.net\/?p=49311","title":{"rendered":"Torres (BBVA) pide en Davos \u00abinvolucrar\u00bb al consumidor final en la transici\u00f3n energ\u00e9tica"},"content":{"rendered":"\n<div><img decoding=\"async\" src=\"\/wp-content\/uploads\/sites\/2\/2024\/01\/torres-bbva-pide-en-davos-involucrar-al-consumidor-final-en-la-transicion-energetica.jpg\" class=\"ff-og-image-inserted\"><\/div>\n<p> MADRID, 16 (EUROPA PRESS)<\/p>\n<p> El presidente de BBVA, Carlos Torres Vila, ha defendido este martes la necesidad de \u00abinvolucrar\u00bb al consumidor final en la transici\u00f3n energ\u00e9tica para acelerar el proceso de descarbonizaci\u00f3n.<\/p>\n<p> As\u00ed lo ha expuesto durante su intervenci\u00f3n en un panel en el Foro de Davos, organizado por el WEF (World Economic Forum), donde ha abogado por \u00abpol\u00edticas coherentes y consistentes\u00bb que act\u00faen no solo en el lado de la oferta, sino que tambi\u00e9n incentiven a los consumidores.<\/p>\n<p> Ha se\u00f1alado que es necesario acelerar las pol\u00edticas p\u00fablicas en materia de descarbonizaci\u00f3n. En su opini\u00f3n, \u00abla normativa actual se enfoca excesivamente en el lado de la oferta, como si el usuario final no fuera la raz\u00f3n \u00faltima por la que se producen las emisiones\u00bb.<\/p>\n<p> Para impulsar el desarrollo de tecnolog\u00edas bajas en carbono y lograr que se produzcan a gran escala, Torres ha sostenido que las autoridades deben aplicar un conjunto de pol\u00edticas \u00abcoherentes y consistentes\u00bb que involucren al consumidor final; pol\u00edticas que compensen \u00abde manera justa\u00bb a los m\u00e1s afectados por la transici\u00f3n energ\u00e9tica sin que ello distorsione su toma de decisiones.<\/p>\n<p> En este sentido, considera que el precio del carbono es de \u00absuma importancia\u00bb de cara a orientar la demanda del consumidor final.<\/p>\n<p> El presidente de BBVA ha incidido, asimismo, en la necesidad de \u00abir mucho m\u00e1s deprisa y acelerar\u00bb la descarbonizaci\u00f3n, un proceso en el que el papel de la banca es financiar las inversiones. \u00abSomos nosotros los que estamos apoyando a las empresas en la realizaci\u00f3n de los proyectos\u00bb, ha afirmado.<\/p>\n<p> Torres ha compartido el panel con el ministro de Trabajo y segundo ministro de Comercio e Industria de Singapur, Tan See Leng, el presidente y consejero delegado de Mitsui O.S.K. Lines, Takeshi Hashimoto, la presidenta y consejera delegada de Vattenfall, Anna Borg, y el consejero delegado de Ball, Daniel Fisher.<\/p>\n","protected":false},"excerpt":{"rendered":"<p>MADRID, 16 (EUROPA PRESS) El presidente de BBVA, Carlos Torres Vila, ha defendido este martes la necesidad de \u00abinvolucrar\u00bb al consumidor final en la transici\u00f3n energ\u00e9tica para acelerar el proceso de descarbonizaci\u00f3n. As\u00ed lo ha expuesto durante su intervenci\u00f3n en un panel en el Foro de Davos, organizado por el WEF (World Economic Forum), donde [&hellip;]<\/p>\n","protected":false},"author":1,"featured_media":0,"comment_status":"closed","ping_status":"closed","sticky":false,"template":"","format":"standard","meta":{"footnotes":""},"categories":[],"tags":[],"class_list":["post-49311","post","type-post","status-publish","format-standard","hentry"],"_links":{"self":[{"href":"https:\/\/webciudadana.net\/index.php?rest_route=\/wp\/v2\/posts\/49311","targetHints":{"allow":["GET"]}}],"collection":[{"href":"https:\/\/webciudadana.net\/index.php?rest_route=\/wp\/v2\/posts"}],"about":[{"href":"https:\/\/webciudadana.net\/index.php?rest_route=\/wp\/v2\/types\/post"}],"author":[{"embeddable":true,"href":"https:\/\/webciudadana.net\/index.php?rest_route=\/wp\/v2\/users\/1"}],"replies":[{"embeddable":true,"href":"https:\/\/webciudadana.net\/index.php?rest_route=%2Fwp%2Fv2%2Fcomments&post=49311"}],"version-history":[{"count":0,"href":"https:\/\/webciudadana.net\/index.php?rest_route=\/wp\/v2\/posts\/49311\/revisions"}],"wp:attachment":[{"href":"https:\/\/webciudadana.net\/index.php?rest_route=%2Fwp%2Fv2%2Fmedia&parent=49311"}],"wp:term":[{"taxonomy":"category","embeddable":true,"href":"https:\/\/webciudadana.net\/index.php?rest_route=%2Fwp%2Fv2%2Fcategories&post=49311"},{"taxonomy":"post_tag","embeddable":true,"href":"https:\/\/webciudadana.net\/index.php?rest_route=%2Fwp%2Fv2%2Ftags&post=49311"}],"curies":[{"name":"wp","href":"https:\/\/api.w.org\/{rel}","templated":true}]}}