{"id":49984,"date":"2024-02-07T17:25:49","date_gmt":"2024-02-07T16:25:49","guid":{"rendered":"https:\/\/ticker-noticiasep.microcontenidos.com\/NoticiaRSS.vbhtml?user=XRNR562DLR&amp;cod=20240207172549"},"modified":"2024-02-07T17:25:49","modified_gmt":"2024-02-07T16:25:49","slug":"cear-se-reune-con-empresas-para-dar-a-conocer-su-labor-en-la-insercion-laboral-de-migrantes-y-refugiadas","status":"publish","type":"post","link":"https:\/\/webciudadana.net\/?p=49984","title":{"rendered":"CEAR se re\u00fane con empresas para dar a conocer su labor en la inserci\u00f3n laboral de migrantes y refugiadas"},"content":{"rendered":"\n<div><img decoding=\"async\" src=\"\/wp-content\/uploads\/sites\/2\/2024\/02\/cear-se-reune-con-empresas-para-dar-a-conocer-su-labor-en-la-insercion-laboral-de-migrantes-y-refugiadas.jpg\" class=\"ff-og-image-inserted\"><\/div>\n<p> SEVILLA, 7 (EUROPA PRESS)<\/p>\n<p> La Comisi\u00f3n Espa\u00f1ola de Ayuda al Refugiado (CEAR), desde su delegaci\u00f3n en Andaluc\u00eda Occidental, ha celebrado este mi\u00e9rcoles su primer encuentro de este 2024 en Sevilla, donde se ha reunido con empresas y compa\u00f1\u00edas para dar a conocer su labor en la inserci\u00f3n laboral de migrantes y refugiadas. <\/p>\n<p> Uno de los objetivos de este evento ha sido poner en valor la colaboraci\u00f3n con las diferentes empresas con las que la entidad viene trabajando en Sevilla, bien sea a trav\u00e9s de la inserci\u00f3n laboral de las personas usuarias de CEAR, con la oferta de formaciones y cursos, acciones de voluntariado corporativo, o con actividades y colaboraciones puntuales. La jornada tambi\u00e9n ha servido para promover nuevas alianzas con otras firmas y compa\u00f1\u00edas de cara a este 2024, seg\u00fan ha indicado la Comisi\u00f3n en una nota de prensa. <\/p>\n<p> A la jornada han acudido m\u00e1s de una decena de empresas entre las que se encuentran: IKEA, Decathlon, Grupo Constant, Clece, Insertia Formaci\u00f3n y Consultor\u00eda SL, RR Asesores, Sinergia Soluziona Formaci\u00f3n y Consultor\u00eda SL, Grupo Eulen, Guerroca, Restaurante Nacarum, Domus VI. Se trata de empresas con las que CEAR ya viene colaborando y a las que la entidad ha agradecido la participaci\u00f3n en este encuentro. <\/p>\n<p> Desde el equipo de formaci\u00f3n y empleo del \u00e1rea de inclusi\u00f3n se ha presentado el programa FILA, desde el que la entidad realiza una labor primordial en la b\u00fasqueda y alcance del empleo para las personas refugiadas. El Programa de Itinerarios para la Inserci\u00f3n e Integraci\u00f3n Sociolaboral de personas migrantes consiste en el dise\u00f1o, desarrollo y seguimiento de itinerarios integrados de inserci\u00f3n sociolaboral con personas migrantes regularizadas o en v\u00edas de regularizaci\u00f3n, que persiguen la capacitaci\u00f3n de las personas que acuden a los servicios desarrollados por CEAR en aras de mejorar sus posibilidades de inserci\u00f3n en el mercado laboral. <\/p>\n<p> El itinerario se desarrolla a partir de un diagn\u00f3stico inicial, mediante una entrevista inicial destinada a la evaluaci\u00f3n de la situaci\u00f3n de la persona atendida y la elaboraci\u00f3n de su perfil profesional. Posteriormente se realiza un dise\u00f1o del plan personal de empleo que indique qu\u00e9 acciones son necesarias realizar para su conseguir su inserci\u00f3n laboral. Este proyecto est\u00e1 implantado en todas aquellas delegaciones territoriales donde CEAR tiene presencia. <\/p>\n<p> Desde el programa FILA, CEAR ofrece un proceso de inicio a fin en el que el objetivo principal es otorgar a las personas usuarias de los recursos necesarios que hacen de su proceso vital un proceso de aprendizaje continuo. Por su parte, el programa Planeta Empleo, que ha comenzado a ejecutarse en este enero de 2024, est\u00e1 enfocado a la inserci\u00f3n de personas migrantes y refugiadas en sectores de empleo sostenibles, principalmente aquellos del \u00e1mbito de las energ\u00edas renovables y jardiner\u00eda. <\/p>\n<p> El proyecto tiene como objeto atender a personas migrantes y\/o refugiadas, con permiso de trabajo, incluyendo a personas solicitantes\/beneficiaras de asilo\/protecci\u00f3n temporal; personas extranjeras extracomunitarias y migrantes con permiso de trabajo para regularizar su arraigo laboral, independientemente de que est\u00e9n desempleados\/as o que simplemente busquen una mejora laboral. Para contactar con este programa las personas pueden dirigirse al correo electr\u00f3nico: planetaempleo.sevilla@cear.es <\/p>\n<p> Tras la presentaci\u00f3n de estos programas de empleo, dos personas refugiadas atendidas por la entidad, han compartido su experiencia con CEAR en sus respectivos itinerarios de empleo, as\u00ed c\u00f3mo las dificultades y barreras que encuentran en el mercado laboral. En este sentido la colaboraci\u00f3n y sinergias desde la entidad con empresas y compa\u00f1\u00edas se hace fundamental para que las oportunidades de empleo sean una realidad para las personas migrantes y refugiadas. <\/p>\n<p> Este encuentro ha sido promovido por el equipo de formaci\u00f3n y empleo del \u00e1rea de inclusi\u00f3n de CEAR, en colaboraci\u00f3n con los equipos de marketing y alianzas y comunicaci\u00f3n. Adem\u00e1s, el acto ha estado acompa\u00f1ado por un desayuno con el beneficio del catering Abrecaminos. <\/p>\n","protected":false},"excerpt":{"rendered":"<p>SEVILLA, 7 (EUROPA PRESS) La Comisi\u00f3n Espa\u00f1ola de Ayuda al Refugiado (CEAR), desde su delegaci\u00f3n en Andaluc\u00eda Occidental, ha celebrado este mi\u00e9rcoles su primer encuentro de este 2024 en Sevilla, donde se ha reunido con empresas y compa\u00f1\u00edas para dar a conocer su labor en la inserci\u00f3n laboral de migrantes y refugiadas. Uno de los [&hellip;]<\/p>\n","protected":false},"author":1,"featured_media":0,"comment_status":"closed","ping_status":"closed","sticky":false,"template":"","format":"standard","meta":{"footnotes":""},"categories":[],"tags":[],"class_list":["post-49984","post","type-post","status-publish","format-standard","hentry"],"_links":{"self":[{"href":"https:\/\/webciudadana.net\/index.php?rest_route=\/wp\/v2\/posts\/49984","targetHints":{"allow":["GET"]}}],"collection":[{"href":"https:\/\/webciudadana.net\/index.php?rest_route=\/wp\/v2\/posts"}],"about":[{"href":"https:\/\/webciudadana.net\/index.php?rest_route=\/wp\/v2\/types\/post"}],"author":[{"embeddable":true,"href":"https:\/\/webciudadana.net\/index.php?rest_route=\/wp\/v2\/users\/1"}],"replies":[{"embeddable":true,"href":"https:\/\/webciudadana.net\/index.php?rest_route=%2Fwp%2Fv2%2Fcomments&post=49984"}],"version-history":[{"count":0,"href":"https:\/\/webciudadana.net\/index.php?rest_route=\/wp\/v2\/posts\/49984\/revisions"}],"wp:attachment":[{"href":"https:\/\/webciudadana.net\/index.php?rest_route=%2Fwp%2Fv2%2Fmedia&parent=49984"}],"wp:term":[{"taxonomy":"category","embeddable":true,"href":"https:\/\/webciudadana.net\/index.php?rest_route=%2Fwp%2Fv2%2Fcategories&post=49984"},{"taxonomy":"post_tag","embeddable":true,"href":"https:\/\/webciudadana.net\/index.php?rest_route=%2Fwp%2Fv2%2Ftags&post=49984"}],"curies":[{"name":"wp","href":"https:\/\/api.w.org\/{rel}","templated":true}]}}