{"id":49986,"date":"2024-02-07T17:43:49","date_gmt":"2024-02-07T16:43:49","guid":{"rendered":"https:\/\/ticker-noticiasep.microcontenidos.com\/NoticiaRSS.vbhtml?user=XRNR562DLR&amp;cod=20240207174349"},"modified":"2024-02-07T17:43:49","modified_gmt":"2024-02-07T16:43:49","slug":"esade-liderara-el-debate-sobre-sostenibilidad-y-tecnologia-en-el-foro-4yfn-del-mobile-world-congress","status":"publish","type":"post","link":"https:\/\/webciudadana.net\/?p=49986","title":{"rendered":"Esade liderar\u00e1 el debate sobre sostenibilidad y tecnolog\u00eda en el foro 4YFN del Mobile World Congress"},"content":{"rendered":"\n<div><img decoding=\"async\" src=\"\/wp-content\/uploads\/sites\/2\/2024\/02\/esade-liderara-el-debate-sobre-sostenibilidad-y-tecnologia-en-el-foro-4yfn-del-mobile-world-congress.jpg\" class=\"ff-og-image-inserted\"><\/div>\n<p> MADRID, 7 (EUROPA PRESS)<\/p>\n<p> Esade liderar\u00e1 el debate sobre sostenibilidad y tecnolog\u00eda que se celebrar\u00e1 en el &#8216;4 Years From Now'(4YFN), el encuentro de emprendimiento e innovaci\u00f3n que se celebra en el marco del Mobile World Congress y en el que participar\u00e1 por octavo a\u00f1o consecutivo como colaborador acad\u00e9mico oficial, ha informado la instituci\u00f3n en un comunicado.<\/p>\n<p> Bajo el lema &#8216;Connected Minds. Leaders of Green Futures&#8217;, Esade liderar\u00e1 la vertical GreenTech del &#8216;4YFN&#8217;, que la feria ha impulsado este a\u00f1o coincidiendo con su d\u00e9cimo aniversario y que entre el 26 y el 29 de febrero reunir\u00e1 en Barcelona a emprendedores, start-ups y profesionales vinculados a este ecosistema.<\/p>\n<p> Seg\u00fan ha informado Esade, esta participaci\u00f3n \u00abreafirma la apuesta de la escuela por abordar con urgencia los desaf\u00edos ambientales y sociales, as\u00ed como la necesidad de promover pr\u00e1cticas empresariales responsables para construir un futuro m\u00e1s sostenible\u00bb.<\/p>\n<p> \u00abEn un mundo redefinido por la tecnolog\u00eda y la sostenibilidad son m\u00e1s necesarios que nunca los l\u00edderes conscientes y responsables. En Esade, estamos comprometidos con el desarrollo de profesionales y emprendedores que comprendan y aprovechen el potencial transformador de la inteligencia artificial y otras tecnolog\u00edas disruptivas y se conviertan en agentes del cambio para construir unas sociedades m\u00e1s sostenibles, \u00e9ticas y equitativas\u00bb, ha explicado el director general de Esade, Xavier Mendoza.<\/p>\n<p> En el marco del &#8216;4YFN&#8217;, Esade organiza varias sesiones y participa en diversos debates para abordar cuestiones como la transformaci\u00f3n energ\u00e9tica de la mano de estudiantes y participantes en la iniciativa Challenge Based Innovation (CBI), impulsada por el @IdeaSquare y el Departamento de Innovaci\u00f3n del CERN, junto con el Fusion Point de Esade, para desarrollar prototipos que den respuesta a retos que tiene planteados la humanidad, como mejorar la calidad del aire o presentar ideas para un mundo m\u00e1s verde.<\/p>\n<p> Lo hace a trav\u00e9s de un panel organizado por el Esade Entrepreneurship Institute (EEI) y el Esade Center for Social Impact (ECSI), donde el emprendimiento se une al impacto social para contribuir a un mundo m\u00e1s sostenible.<\/p>\n<p> Expertos de Esade analizar\u00e1n tambi\u00e9n c\u00f3mo dise\u00f1ar e implementar estrategias efectivas de inteligencia artificial para posicionar las organizaciones a la vanguardia de la innovaci\u00f3n y la competitividad.<\/p>\n<p> Adem\u00e1s, debatir\u00e1n sobre c\u00f3mo hacer que el aprendizaje autom\u00e1tico sea sostenible en un panel en que expertos reflexionar\u00e1n sobre el equilibrio necesario para un uso responsable de la inteligencia artificial a fin de evitar consecuencias ambientales no deseadas.<\/p>\n<p> En este marco, otro panel organizado por Esade tratar\u00e1 de la necesidad de unir el talento con el \u00e9xito corporativo y de c\u00f3mo las empresas que adoptan la sostenibilidad tienen m\u00e1s capacidad para atraer al mejor talento.<\/p>\n<p>\nAPUESTA POR EL BIEN COM\u00daN<\/p>\n<p> La colaboraci\u00f3n de Esade en la vertical GreenTech del &#8216;4YFN&#8217; responde a la apuesta de la escuela de inspirar a los futuros l\u00edderes con una clara vocaci\u00f3n de impacto social \u00abpara que sean conscientes y capaces de transformar la sociedad y las empresas aprovechando todo el potencial que ofrecen la inteligencia artificial y los nuevos avances tecnol\u00f3gicos como herramientas al servicio del bien com\u00fan y del progreso\u00bb, ha informado la instituci\u00f3n.<\/p>\n<p> Esta vocaci\u00f3n se traduce en la evoluci\u00f3n de los programas acad\u00e9micos y la creaci\u00f3n de nuevos t\u00edtulos, como el Bachelor in Artificial Intelligence for Business, el Bachelor in Transformational Leadership and Social Impact, el Master of Science in Sustainability o el programa Gesti\u00f3n Sostenible y Agenda 2030 de Esade Executive Education, con el objetivo de \u00abformar a profesionales capaces de generar impacto, tanto en la creaci\u00f3n de nuevas empresas como en la transformaci\u00f3n de las ya existentes y de abordar de manera efectiva los desaf\u00edos en constante evoluci\u00f3n del mercado laboral\u00bb, ha indicado.<\/p>\n<p> Adem\u00e1s, se han adaptado los programas acad\u00e9micos existentes para incorporar la dimensi\u00f3n de la sostenibilidad de manera transversal y se han desplegado m\u00e1s asignaturas que abordan diferentes dimensiones en este \u00e1mbito.<\/p>\n","protected":false},"excerpt":{"rendered":"<p>MADRID, 7 (EUROPA PRESS) Esade liderar\u00e1 el debate sobre sostenibilidad y tecnolog\u00eda que se celebrar\u00e1 en el &#8216;4 Years From Now'(4YFN), el encuentro de emprendimiento e innovaci\u00f3n que se celebra en el marco del Mobile World Congress y en el que participar\u00e1 por octavo a\u00f1o consecutivo como colaborador acad\u00e9mico oficial, ha informado la instituci\u00f3n en [&hellip;]<\/p>\n","protected":false},"author":1,"featured_media":0,"comment_status":"closed","ping_status":"closed","sticky":false,"template":"","format":"standard","meta":{"footnotes":""},"categories":[],"tags":[],"class_list":["post-49986","post","type-post","status-publish","format-standard","hentry"],"_links":{"self":[{"href":"https:\/\/webciudadana.net\/index.php?rest_route=\/wp\/v2\/posts\/49986","targetHints":{"allow":["GET"]}}],"collection":[{"href":"https:\/\/webciudadana.net\/index.php?rest_route=\/wp\/v2\/posts"}],"about":[{"href":"https:\/\/webciudadana.net\/index.php?rest_route=\/wp\/v2\/types\/post"}],"author":[{"embeddable":true,"href":"https:\/\/webciudadana.net\/index.php?rest_route=\/wp\/v2\/users\/1"}],"replies":[{"embeddable":true,"href":"https:\/\/webciudadana.net\/index.php?rest_route=%2Fwp%2Fv2%2Fcomments&post=49986"}],"version-history":[{"count":0,"href":"https:\/\/webciudadana.net\/index.php?rest_route=\/wp\/v2\/posts\/49986\/revisions"}],"wp:attachment":[{"href":"https:\/\/webciudadana.net\/index.php?rest_route=%2Fwp%2Fv2%2Fmedia&parent=49986"}],"wp:term":[{"taxonomy":"category","embeddable":true,"href":"https:\/\/webciudadana.net\/index.php?rest_route=%2Fwp%2Fv2%2Fcategories&post=49986"},{"taxonomy":"post_tag","embeddable":true,"href":"https:\/\/webciudadana.net\/index.php?rest_route=%2Fwp%2Fv2%2Ftags&post=49986"}],"curies":[{"name":"wp","href":"https:\/\/api.w.org\/{rel}","templated":true}]}}