{"id":49999,"date":"2024-02-08T09:39:37","date_gmt":"2024-02-08T08:39:37","guid":{"rendered":"https:\/\/ticker-noticiasep.microcontenidos.com\/NoticiaRSS.vbhtml?user=XRNR562DLR&amp;cod=20240208093937"},"modified":"2024-02-08T09:39:37","modified_gmt":"2024-02-08T08:39:37","slug":"borbon-nueva-cara-de-campana-de-harper-neyer","status":"publish","type":"post","link":"https:\/\/webciudadana.net\/?p=49999","title":{"rendered":"Borb\u00f3n, nueva cara de campa\u00f1a de Harper &amp; Neyer"},"content":{"rendered":"\n<div><img decoding=\"async\" src=\"\/wp-content\/uploads\/sites\/2\/2024\/02\/borbon-nueva-cara-de-campana-de-harper-neyer.jpg\" class=\"ff-og-image-inserted\"><\/div>\n<p>(Informaci\u00f3n remitida por la empresa firmante)<\/p>\n<p>\nSu apellido es el que llama la atenci\u00f3n, pero aun as\u00ed ha logrado mostrar su val\u00eda propia<\/p>\n<p>\nM\u00e1laga, 8 de febrero de 2024.-*Ignacio de Borb\u00f3n acaba de ser presentado como el rostro de \u00abI LOVE YOU\u00bb, la campa\u00f1a de San Valent\u00edn de la marca de moda Harper &amp; Neyer. Y \u00e9l no est\u00e1 solo. A Ignacio se unen Salsa, Valentino y Thor, sus amigos peludos que act\u00faan como los mejores amigos del influencer en la campa\u00f1a.<\/p>\n<p> \u00abI LOVE YOU\u00bb presenta la colecci\u00f3n de primavera\/verano 2024 con una paleta de colores que optan por los empolvados y tonos ceniza. El modelo luce algunos looks para la campa\u00f1a, incluyendo los jers\u00e9is de ochos, los exteriores de entretiempo y el total look Harper &amp; Neyer ideal para la temporada de eventos que se avecina.*<\/p>\n<p>\nEn las im\u00e1genes de la campa\u00f1a, Ignacio De Borb\u00f3n aparece rodeado de perros de pedigr\u00ed. Los canes y el amor hacia ellos*recuerdan las mil y unas formas distintas de amar que existen y como una de las m\u00e1s aut\u00e9nticas es la de los animales.<\/p>\n<p> La elecci\u00f3n del casting de esta campa\u00f1a se encuadra en el plan estrat\u00e9gico que la marca ha implementado para 2024. Por ello mismo, este a\u00f1o se presentan m\u00e1s abiertos que nunca a explorar y explotar todo el universo creativo que rodea a su estilo atemporal.<\/p>\n<p> Se siente orgulloso del legado hist\u00f3rico, pero reconoce que su vida es bastante normal. Aun as\u00ed ha demostrado que es capaz de crear su propio camino en la fama.*Ignacio de Borb\u00f3n es modelo e influencer, adem\u00e1s ha aparecido en Supervivientes y ahora ha lanzado su campa\u00f1a con Harper &amp; Neyer. As\u00ed demuestra que el apellido Borb\u00f3n es muy sonoro, pero Ignacio sabe triunfar por s\u00ed mismo.*<\/p>\n<p>\nLa marca se erige como un faro de elegancia y sofisticaci\u00f3n, manteniendo viva la tradici\u00f3n de un estilo preppy que ha perdurado a lo largo de las d\u00e9cadas. Es por eso que Harper&amp;Neyer vuelve a demostrar otra temporada ese perfecto equilibrio entre lo cl\u00e1sico y lo moderno.<\/p>\n<p> Emisor: Harper &amp; Neyer<\/p>\n<p>\nContacto<\/p>\n<p>\nNombre contacto: Harper &amp; Neyer<\/p>\n<p>\nDescripci\u00f3n contacto: Harper &amp; Neyer<\/p>\n<p>\nTel\u00e9fono de contacto: 951230091<\/p>\n","protected":false},"excerpt":{"rendered":"<p>(Informaci\u00f3n remitida por la empresa firmante) Su apellido es el que llama la atenci\u00f3n, pero aun as\u00ed ha logrado mostrar su val\u00eda propia M\u00e1laga, 8 de febrero de 2024.-*Ignacio de Borb\u00f3n acaba de ser presentado como el rostro de \u00abI LOVE YOU\u00bb, la campa\u00f1a de San Valent\u00edn de la marca de moda Harper &amp; Neyer. [&hellip;]<\/p>\n","protected":false},"author":1,"featured_media":0,"comment_status":"closed","ping_status":"closed","sticky":false,"template":"","format":"standard","meta":{"footnotes":""},"categories":[],"tags":[],"class_list":["post-49999","post","type-post","status-publish","format-standard","hentry"],"_links":{"self":[{"href":"https:\/\/webciudadana.net\/index.php?rest_route=\/wp\/v2\/posts\/49999","targetHints":{"allow":["GET"]}}],"collection":[{"href":"https:\/\/webciudadana.net\/index.php?rest_route=\/wp\/v2\/posts"}],"about":[{"href":"https:\/\/webciudadana.net\/index.php?rest_route=\/wp\/v2\/types\/post"}],"author":[{"embeddable":true,"href":"https:\/\/webciudadana.net\/index.php?rest_route=\/wp\/v2\/users\/1"}],"replies":[{"embeddable":true,"href":"https:\/\/webciudadana.net\/index.php?rest_route=%2Fwp%2Fv2%2Fcomments&post=49999"}],"version-history":[{"count":0,"href":"https:\/\/webciudadana.net\/index.php?rest_route=\/wp\/v2\/posts\/49999\/revisions"}],"wp:attachment":[{"href":"https:\/\/webciudadana.net\/index.php?rest_route=%2Fwp%2Fv2%2Fmedia&parent=49999"}],"wp:term":[{"taxonomy":"category","embeddable":true,"href":"https:\/\/webciudadana.net\/index.php?rest_route=%2Fwp%2Fv2%2Fcategories&post=49999"},{"taxonomy":"post_tag","embeddable":true,"href":"https:\/\/webciudadana.net\/index.php?rest_route=%2Fwp%2Fv2%2Ftags&post=49999"}],"curies":[{"name":"wp","href":"https:\/\/api.w.org\/{rel}","templated":true}]}}