{"id":50005,"date":"2024-02-08T10:22:44","date_gmt":"2024-02-08T09:22:44","guid":{"rendered":"https:\/\/ticker-noticiasep.microcontenidos.com\/NoticiaRSS.vbhtml?user=XRNR562DLR&amp;cod=20240208102244"},"modified":"2024-02-08T10:22:44","modified_gmt":"2024-02-08T09:22:44","slug":"salud-comnicado-uic-barcelona-acogera-el-congreso-internacional-fine-centrado-en-los-retos-de-la-educacion-en-enfermeria","status":"publish","type":"post","link":"https:\/\/webciudadana.net\/?p=50005","title":{"rendered":"Salud: COMNICADO: UIC Barcelona acoger\u00e1 el congreso internacional FINE, centrado en los retos de la educaci\u00f3n en enfermer\u00eda"},"content":{"rendered":"\n<div><img decoding=\"async\" src=\"\/wp-content\/uploads\/sites\/2\/2024\/02\/salud-comnicado-uic-barcelona-acogera-el-congreso-internacional-fine-centrado-en-los-retos-de-la-educacion-en-enfermeria.jpg\" class=\"ff-og-image-inserted\"><\/div>\n<p> Organizado por la Federaci\u00f3n Europea de Educadores en Ciencias de la Enfermer\u00eda (FINE) en colaboraci\u00f3n con el departamento de Enfermer\u00eda de UIC Barcelona, el encuentro ofrecer\u00e1 un espacio donde educadores, cl\u00ednicos y estudiantes podr\u00e1n planificar el futuro de la educaci\u00f3n de enfermer\u00eda en Europa desde una perspectiva de sostenibilidad.<\/p>\n<p> Barcelona, 8 de febrero de 2024.- Los pr\u00f3ximos d\u00edas 21 y 22 de marzo, la Universitat Internacional de Catalunya (UIC Barcelona), acoger\u00e1 la nueva edici\u00f3n del congreso internacional FINE \u00abNursing Education for a Sustainable Future: Challenges and Opportunities\u00bb. Durante dos d\u00edas, el Campus Sant Cugat reunir\u00e1 a educadores, estudiantes y cl\u00ednicos de distintos pa\u00edses de la Uni\u00f3n Europea para que puedan compartir sus experiencias y debatir sobre el futuro de la educaci\u00f3n de enfermer\u00eda en Europa desde una perspectiva de sostenibilidad.<\/p>\n<p> A lo largo de las dos jornadas del congreso, los participantes podr\u00e1n asistir a distintas ponencias impartidas por expertos internacionales en el \u00e1mbito de la formaci\u00f3n de los futuros profesionales de la enfermer\u00eda como Gemma Stacey, directora general Adjunta de la Fundaci\u00f3n Florence Nightingale (Reino Unido); Daniela Lehwaldt, profesora en la Escuela de Enfermer\u00eda, Psicoterapia y Salud Comunitaria de la Universidad de la Ciudad de Dubl\u00edn (Irlanda); Maya Matthews, directora adjunta y jefa de unidad responsable del Sector Sanitario en la UE (B\u00e9lgica); Adela Zabalegui, subdirectora de investigaci\u00f3n y docencia de enfermer\u00eda en el Hospital Cl\u00ednic de Barcelona (Espa\u00f1a);y Maria Filomena Mendes, Coordinadora de la ESEL (Escuela Superior de Enfermer\u00eda de Lisboa) y Vicepresidenta de la FINE. En estas sesiones, se tratar\u00e1n temas centrados fundamentalmente en las acciones de la Uni\u00f3n Europea relativas al personal sanitario, el futuro de la educaci\u00f3n en enfermer\u00eda, as\u00ed como los retos y oportunidades de este \u00e1mbito profesional.<\/p>\n<p> El congreso tambi\u00e9n contar\u00e1 con una mesa redonda donde se hablar\u00e1 sobre c\u00f3mo lograr una formaci\u00f3n de enfermer\u00eda sostenible ahora y en el futuro. As\u00ed mismo, los asistentes al encuentro podr\u00e1n participar tambi\u00e9n en las presentaciones de p\u00f3sters y comunicaciones sobre estudios e investigaciones recientes.<\/p>\n<p> \u00abPara nosotros, acoger esta edici\u00f3n del congreso FINE es una gran oportunidad para dar a conocer la gran labor que se est\u00e1 realizando desde las universidades europeas para formar profesionales de la enfermer\u00eda desde el liderazgo enfermero y la innovaci\u00f3n docente\u00bb, explica Encarna Rodr\u00edguez, directora del Departamento de Enfermer\u00eda de UIC Barcelona.<\/p>\n<p>\nM\u00e1s informaci\u00f3n sobre el congreso FINE.<\/p>\n<p>\nMarta Gonz\u00e1lez Mart\u00ednez. Responsable de Comunicaci\u00f3n del Campus Sant Cugat. T. +34 935 042 000. Ext: 5153 \/ 675 78 34 18. Josep Trueta, s\/n 08195. Sant Cugat del Vall\u00e8s.<\/p>\n<p>\nSobre UIC Barcelona. <\/p>\n<p> La Universitat Internacional de Catalunya (UIC Barcelona) naci\u00f3 en 1997 con el objetivo de ofrecer una formaci\u00f3n universitaria de calidad y promover la investigaci\u00f3n como servicio a la sociedad. Ligada al mundo empresarial y con un marcado car\u00e1cter internacional, imparte 16 grados, 8 dobles grados, una treintena de dobles titulaciones internacionales y una amplia oferta de programas de posgrado en sus dos campus, situados en Barcelona y Sant Cugat del Vall\u00e8s. Como parte de su compromiso con la sociedad, UIC Barcelona tambi\u00e9n cuenta con tres cl\u00ednicas universitarias ubicadas en el Campus Sant Cugat: la Cl\u00ednica Universitaria de Odontolog\u00eda, Support &#8211; Cl\u00ednica Universitaria de Psicolog\u00eda y Psiquiatr\u00eda, y Cuides UIC Barcelona, centrada en la atenci\u00f3n a pacientes con enfermedades avanzadas y cuidados paliativos.<\/p>\n","protected":false},"excerpt":{"rendered":"<p>Organizado por la Federaci\u00f3n Europea de Educadores en Ciencias de la Enfermer\u00eda (FINE) en colaboraci\u00f3n con el departamento de Enfermer\u00eda de UIC Barcelona, el encuentro ofrecer\u00e1 un espacio donde educadores, cl\u00ednicos y estudiantes podr\u00e1n planificar el futuro de la educaci\u00f3n de enfermer\u00eda en Europa desde una perspectiva de sostenibilidad. Barcelona, 8 de febrero de 2024.- [&hellip;]<\/p>\n","protected":false},"author":1,"featured_media":0,"comment_status":"closed","ping_status":"closed","sticky":false,"template":"","format":"standard","meta":{"footnotes":""},"categories":[],"tags":[],"class_list":["post-50005","post","type-post","status-publish","format-standard","hentry"],"_links":{"self":[{"href":"https:\/\/webciudadana.net\/index.php?rest_route=\/wp\/v2\/posts\/50005","targetHints":{"allow":["GET"]}}],"collection":[{"href":"https:\/\/webciudadana.net\/index.php?rest_route=\/wp\/v2\/posts"}],"about":[{"href":"https:\/\/webciudadana.net\/index.php?rest_route=\/wp\/v2\/types\/post"}],"author":[{"embeddable":true,"href":"https:\/\/webciudadana.net\/index.php?rest_route=\/wp\/v2\/users\/1"}],"replies":[{"embeddable":true,"href":"https:\/\/webciudadana.net\/index.php?rest_route=%2Fwp%2Fv2%2Fcomments&post=50005"}],"version-history":[{"count":0,"href":"https:\/\/webciudadana.net\/index.php?rest_route=\/wp\/v2\/posts\/50005\/revisions"}],"wp:attachment":[{"href":"https:\/\/webciudadana.net\/index.php?rest_route=%2Fwp%2Fv2%2Fmedia&parent=50005"}],"wp:term":[{"taxonomy":"category","embeddable":true,"href":"https:\/\/webciudadana.net\/index.php?rest_route=%2Fwp%2Fv2%2Fcategories&post=50005"},{"taxonomy":"post_tag","embeddable":true,"href":"https:\/\/webciudadana.net\/index.php?rest_route=%2Fwp%2Fv2%2Ftags&post=50005"}],"curies":[{"name":"wp","href":"https:\/\/api.w.org\/{rel}","templated":true}]}}