{"id":50010,"date":"2024-02-08T11:45:48","date_gmt":"2024-02-08T10:45:48","guid":{"rendered":"https:\/\/ticker-noticiasep.microcontenidos.com\/NoticiaRSS.vbhtml?user=XRNR562DLR&amp;cod=20240208114548"},"modified":"2024-02-08T11:45:48","modified_gmt":"2024-02-08T10:45:48","slug":"fundacion-jimenez-diaz-compensa-su-huella-de-carbono-de-2023-tras-reforestar-quireza-y-vilar-en-pontevedra","status":"publish","type":"post","link":"https:\/\/webciudadana.net\/?p=50010","title":{"rendered":"Fundaci\u00f3n Jim\u00e9nez D\u00edaz compensa su huella de carbono de 2023 tras reforestar Quireza y Vilar, en Pontevedra"},"content":{"rendered":"\n<p> MADRID, 8 (EUROPA PRESS)<\/p>\n<p> La Fundaci\u00f3n Jim\u00e9nez D\u00edaz ha compensado toda su huella de carbono de 2023 tras la reforestaci\u00f3n de dos \u00e1reas de monte desarbolado en Quireza y Vilar, en el municipio de Cerdedo-Cotobade, en Pontevedra, seg\u00fan la verificaci\u00f3n de la compa\u00f1\u00eda CO2 Revolution, certificada por el ministerio para la Transici\u00f3n Ecol\u00f3gica y el Reto Demogr\u00e1fico.<\/p>\n<p> Para ello, CO2 Revolution ha comprobado y verificado las emisiones de gases de efecto invernadero que el hospital libera a la atm\u00f3sfera durante el desarrollo de su actividad productiva, hasta estimar un volumen de 9.518 toneladas anuales de CO2 equivalente (CO2e).<\/p>\n<p> Una vez verificada esta cifra, y atendiendo a la cualidad de los \u00e1rboles de captar el CO2 de la atm\u00f3sfera, se ha llevado a cabo la reforestaci\u00f3n de Quireza, un monte incendiado que perdi\u00f3 su cubierta forestal arb\u00f3rea y donde no se ha producido una regeneraci\u00f3n natural del arbolado, y de Vilar, un monte desarbolado, reforestado con pastos arbustivos y zonas de matorral.<\/p>\n<p> En palabras del gerente y director m\u00e9dico del Hospital Universitario Fundaci\u00f3n Jim\u00e9nez D\u00edaz, Javier Arcos, CON ESTE PROYECTO han compensado la totalidad de sus emisiones, al tiempo que promueven la conservaci\u00f3n de la naturaleza y mejoran la biodiversidad.<\/p>\n<p> \u00abTodo ello sin renunciar a nuestros elevados est\u00e1ndares de calidad asistencial, sino todo lo contrario, ampli\u00e1ndolos en el \u00e1mbito de la responsabilidad ambiental. Porque desde la Fundaci\u00f3n Jim\u00e9nez D\u00edaz entendemos que cuidar del medio ambiente es cuidar de las personas\u00bb, a\u00f1ade.<\/p>\n<p> &#8216;PROGRAMA MAS+&#8217;<\/p>\n<p> Seg\u00fan el centro hospitalario, este proyecto se suma al programa MAS+ (Medio Ambiente y Salud), un plan de acci\u00f3n con el que asume la responsabilidad de reducir sus emisiones a trav\u00e9s de diferentes acciones que van desde la promoci\u00f3n de unas pr\u00e1cticas m\u00e9dicas m\u00e1s sostenibles hasta favorecer el transporte sostenible.<\/p>\n<p> \u00abEstamos llevando a cabo una gesti\u00f3n ambientalmente responsable de los residuos basada en la reducci\u00f3n, el reciclado y la reutilizaci\u00f3n de los diferentes materiales. Hemos logrado mejorar la eficiencia energ\u00e9tica de nuestros equipamientos, y mantenemos nuestra firme apuesta por la investigaci\u00f3n, la digitalizaci\u00f3n y la innovaci\u00f3n en la asistencia m\u00e9dica\u00bb, detalla el doctor Arcos.<\/p>\n<p> Adem\u00e1s, desde el hospital destacan que se ha logrado reducir el consumo de papel en un 16,4 por ciento en dos a\u00f1os; se han aumentado el 17 por ciento de las consultas no presenciales y se han incrementado las reuniones por videoconferencia. <\/p>\n<p> Asimismo, se han habilitado aparcamientos de bicicletas y puntos de recarga para coches el\u00e9ctricos en el recinto y se han incrementado los sistemas de recogida selectiva de residuos farmac\u00e9uticos en todas las dependencias.<\/p>\n<p> Respecto a las actuaciones hospitalarias, el hospital ha reducido en un 13,5 por ciento la huella de carbono asociada al consumo hospitalario de inhaladores de uso cr\u00f3nico y, actualmente, se est\u00e1n desarrollando t\u00e9cnicas para captar, eliminar y reciclar los gases anest\u00e9sicos.<\/p>\n<p> Por \u00faltimo, en los \u00faltimos a\u00f1os se ha procedido a la sustituci\u00f3n programada de los sistemas de climatizaci\u00f3n; se han unificado las producciones de fr\u00edo para recortar el consumo energ\u00e9tico; y se incorporado la tecnolog\u00eda LED al 100 por ciento de los puntos de iluminaci\u00f3n, tanto interior como exterior.<\/p>\n<p> \u00abGracias a estas medidas, se ha logrado evitar la emisi\u00f3n de diez toneladas de GEI, lo que equivale a una reducci\u00f3n del 14,07 por ciento del total anual\u00bb, concluyen desde Fundaci\u00f3n Jim\u00e9nez D\u00edaz.<\/p>\n","protected":false},"excerpt":{"rendered":"<p>MADRID, 8 (EUROPA PRESS) La Fundaci\u00f3n Jim\u00e9nez D\u00edaz ha compensado toda su huella de carbono de 2023 tras la reforestaci\u00f3n de dos \u00e1reas de monte desarbolado en Quireza y Vilar, en el municipio de Cerdedo-Cotobade, en Pontevedra, seg\u00fan la verificaci\u00f3n de la compa\u00f1\u00eda CO2 Revolution, certificada por el ministerio para la Transici\u00f3n Ecol\u00f3gica y el [&hellip;]<\/p>\n","protected":false},"author":1,"featured_media":0,"comment_status":"closed","ping_status":"closed","sticky":false,"template":"","format":"standard","meta":{"footnotes":""},"categories":[],"tags":[],"class_list":["post-50010","post","type-post","status-publish","format-standard","hentry"],"_links":{"self":[{"href":"https:\/\/webciudadana.net\/index.php?rest_route=\/wp\/v2\/posts\/50010","targetHints":{"allow":["GET"]}}],"collection":[{"href":"https:\/\/webciudadana.net\/index.php?rest_route=\/wp\/v2\/posts"}],"about":[{"href":"https:\/\/webciudadana.net\/index.php?rest_route=\/wp\/v2\/types\/post"}],"author":[{"embeddable":true,"href":"https:\/\/webciudadana.net\/index.php?rest_route=\/wp\/v2\/users\/1"}],"replies":[{"embeddable":true,"href":"https:\/\/webciudadana.net\/index.php?rest_route=%2Fwp%2Fv2%2Fcomments&post=50010"}],"version-history":[{"count":0,"href":"https:\/\/webciudadana.net\/index.php?rest_route=\/wp\/v2\/posts\/50010\/revisions"}],"wp:attachment":[{"href":"https:\/\/webciudadana.net\/index.php?rest_route=%2Fwp%2Fv2%2Fmedia&parent=50010"}],"wp:term":[{"taxonomy":"category","embeddable":true,"href":"https:\/\/webciudadana.net\/index.php?rest_route=%2Fwp%2Fv2%2Fcategories&post=50010"},{"taxonomy":"post_tag","embeddable":true,"href":"https:\/\/webciudadana.net\/index.php?rest_route=%2Fwp%2Fv2%2Ftags&post=50010"}],"curies":[{"name":"wp","href":"https:\/\/api.w.org\/{rel}","templated":true}]}}