{"id":50014,"date":"2024-02-08T13:03:46","date_gmt":"2024-02-08T12:03:46","guid":{"rendered":"https:\/\/ticker-noticiasep.microcontenidos.com\/NoticiaRSS.vbhtml?user=XRNR562DLR&amp;cod=20240208130346"},"modified":"2024-02-08T13:03:46","modified_gmt":"2024-02-08T12:03:46","slug":"fundacion-nipace-contara-con-nuevo-centro-en-guadalajara-con-los-ultimos-avances-en-rehabilitacion-neurologica-y-motora","status":"publish","type":"post","link":"https:\/\/webciudadana.net\/?p=50014","title":{"rendered":"Fundaci\u00f3n Nipace contar\u00e1 con nuevo centro en Guadalajara con los \u00faltimos avances en rehabilitaci\u00f3n neurol\u00f3gica y motora"},"content":{"rendered":"\n<div><img decoding=\"async\" src=\"\/wp-content\/uploads\/sites\/2\/2024\/02\/fundacion-nipace-contara-con-nuevo-centro-en-guadalajara-con-los-ultimos-avances-en-rehabilitacion-neurologica-y-motora.jpg\" class=\"ff-og-image-inserted\"><\/div>\n<p> GUADALAJARA, 8 (EUROPA PRESS)<\/p>\n<p> La Fundaci\u00f3n Amancio Ortega y la Fundaci\u00f3n Nipace han presentado este jueves en Guadalajara el proyecto del nuevo Centro de Rehabilitaci\u00f3n Neurol\u00f3gica de la Fundaci\u00f3n Nipace. <\/p>\n<p> La construcci\u00f3n de este Centro Europeo de Rehabilitaci\u00f3n Neurol\u00f3gica ser\u00e1 financiada por la Fundaci\u00f3n Amancio Ortega. Con un presupuesto de 19 millones de euros, estar\u00e1 gestionado por la Fundaci\u00f3n Nipace, entidad que trabaja para mejorar la calidad de vida de las personas con par\u00e1lisis cerebral y trastornos neuromotores, seg\u00fan ha informado la Fundaci\u00f3n Amancio Ortega en nota de prensa. <\/p>\n<p> Desde los comienzos de su actividad, Nipace ha sido siempre una referencia nacional en la rehabilitaci\u00f3n neuromotora. Trabaja desde el a\u00f1o 2004 en Guadalajara, ofreciendo sus servicios a ni\u00f1os y adolescentes de toda Espa\u00f1a con par\u00e1lisis cerebral y otros trastornos neuromotores. <\/p>\n<p> La apertura de este nuevo centro permitir\u00e1 a la Fundaci\u00f3n Nipace atender las demandas sanitarias y asistenciales de los ni\u00f1os y j\u00f3venes de toda Espa\u00f1a que actualmente reciben tratamientos (250 de manera permanente) y asumir progresivamente la atenci\u00f3n de muchos otros, actualmente en lista de espera para valoraci\u00f3n. <\/p>\n<p> El nuevo centro les permitir\u00e1 atender, de manera paulatina y a largo plazo, al doble de los usuarios actuales. Las nuevas instalaciones, ubicadas cerca de la actual sede de la Fundaci\u00f3n Nipace en Guadalajara, contar\u00e1 con una superficie de cerca de 6.300 metros cuadrados. <\/p>\n<p> Construido en una parcela de 9.600 metros cuadrados cedida a tales fines por el Ayuntamiento de Guadalajara, dispondr\u00e1 de espacios dedicados a las terapias m\u00e1s avanzadas en tratamientos rehabilitadores, como terapias rob\u00f3ticas, hidroterapia, estimulaci\u00f3n Snoezelen, logopedia, terapia ocupacional, psicolog\u00eda y consultas m\u00e9dicas.<\/p>\n<p> Destaca la sala de atenci\u00f3n individualizada para terapias de neurorrehabilitaci\u00f3n intensiva especializada (NIE), con varios espacios de rob\u00f3tica y tecnolog\u00edas digitalizadas, aplicaciones pioneras en rehabilitaci\u00f3n con contrastados resultados. Adem\u00e1s, habr\u00e1 zonas destinadas a formaci\u00f3n e investigaci\u00f3n, as\u00ed como espacios para el resto de los servicios complementarios (comedores, zonas de relax, salas de reuniones, salas de juntas o vestuarios). <\/p>\n<p> La Fundaci\u00f3n Nipace, creada en el a\u00f1o 2004, abri\u00f3 el primer centro de rehabilitaci\u00f3n con una atenci\u00f3n individualizada e integral en el 2007. Desde sus comienzos, han puesto a disposici\u00f3n de los usuarios los \u00faltimos recursos de neurorrehabilitaci\u00f3n, con una firme apuesta por las terapias robo zadas m\u00e1s innovadoras, colaborando adem\u00e1s en proyectos nacionales e internacionales de investigaci\u00f3n y formaci\u00f3n. <\/p>\n<p> En los \u00faltimos a\u00f1os, Fundaci\u00f3n Nipace ha establecido un nuevo est\u00e1ndar en la neurorrehabilitaci\u00f3n intensiva especializada de ni\u00f1os y adultos y ha formado a decenas de fisioterapeutas en este m\u00e9todo gracias a su curso anual. <\/p>\n<p> Por su parte, la Fundaci\u00f3n Amancio Ortega es una entidad que desarrolla proyectos en los \u00e1mbitos de la educaci\u00f3n y el bienestar social, a trav\u00e9s de iniciativas de gesti\u00f3n propia y acciones en colaboraci\u00f3n con instituciones. <\/p>\n<p> Esta acci\u00f3n se enmarca en el conjunto de iniciativas a trav\u00e9s de las que la Fundaci\u00f3n Amancio Ortega consolida y refuerza la capacidad y las infraestructuras de entidades dedicadas a la atenci\u00f3n de los colectivos m\u00e1s vulnerables. <\/p>\n<p> Ejemplos de otras acciones desarrolladas por la Fundaci\u00f3n Amancio Ortega son el Centro de Ense\u00f1anza Amencer-Aspace en Vigo, el Centro para Personas Dependientes de Aspronaga en A Coru\u00f1a o, m\u00e1s recientemente, el convenio para la creaci\u00f3n del Centro de Cuidados Paliativos Pedi\u00e1tricos en Madrid, con la Fundaci\u00f3n Porqueviven.<\/p>\n","protected":false},"excerpt":{"rendered":"<p>GUADALAJARA, 8 (EUROPA PRESS) La Fundaci\u00f3n Amancio Ortega y la Fundaci\u00f3n Nipace han presentado este jueves en Guadalajara el proyecto del nuevo Centro de Rehabilitaci\u00f3n Neurol\u00f3gica de la Fundaci\u00f3n Nipace. La construcci\u00f3n de este Centro Europeo de Rehabilitaci\u00f3n Neurol\u00f3gica ser\u00e1 financiada por la Fundaci\u00f3n Amancio Ortega. Con un presupuesto de 19 millones de euros, estar\u00e1 [&hellip;]<\/p>\n","protected":false},"author":1,"featured_media":0,"comment_status":"closed","ping_status":"closed","sticky":false,"template":"","format":"standard","meta":{"footnotes":""},"categories":[],"tags":[],"class_list":["post-50014","post","type-post","status-publish","format-standard","hentry"],"_links":{"self":[{"href":"https:\/\/webciudadana.net\/index.php?rest_route=\/wp\/v2\/posts\/50014","targetHints":{"allow":["GET"]}}],"collection":[{"href":"https:\/\/webciudadana.net\/index.php?rest_route=\/wp\/v2\/posts"}],"about":[{"href":"https:\/\/webciudadana.net\/index.php?rest_route=\/wp\/v2\/types\/post"}],"author":[{"embeddable":true,"href":"https:\/\/webciudadana.net\/index.php?rest_route=\/wp\/v2\/users\/1"}],"replies":[{"embeddable":true,"href":"https:\/\/webciudadana.net\/index.php?rest_route=%2Fwp%2Fv2%2Fcomments&post=50014"}],"version-history":[{"count":0,"href":"https:\/\/webciudadana.net\/index.php?rest_route=\/wp\/v2\/posts\/50014\/revisions"}],"wp:attachment":[{"href":"https:\/\/webciudadana.net\/index.php?rest_route=%2Fwp%2Fv2%2Fmedia&parent=50014"}],"wp:term":[{"taxonomy":"category","embeddable":true,"href":"https:\/\/webciudadana.net\/index.php?rest_route=%2Fwp%2Fv2%2Fcategories&post=50014"},{"taxonomy":"post_tag","embeddable":true,"href":"https:\/\/webciudadana.net\/index.php?rest_route=%2Fwp%2Fv2%2Ftags&post=50014"}],"curies":[{"name":"wp","href":"https:\/\/api.w.org\/{rel}","templated":true}]}}