{"id":50025,"date":"2024-02-08T17:09:27","date_gmt":"2024-02-08T16:09:27","guid":{"rendered":"https:\/\/ticker-noticiasep.microcontenidos.com\/NoticiaRSS.vbhtml?user=XRNR562DLR&amp;cod=20240208170927"},"modified":"2024-02-08T17:09:27","modified_gmt":"2024-02-08T16:09:27","slug":"la-secretaria-de-estado-de-economia-social-anima-a-euskadi-a-presentar-proyectos-al-perte-de-economia-social","status":"publish","type":"post","link":"https:\/\/webciudadana.net\/?p=50025","title":{"rendered":"La secretaria de Estado de Econom\u00eda Social anima a Euskadi a presentar proyectos al PERTE de Econom\u00eda Social"},"content":{"rendered":"\n<div><img decoding=\"async\" src=\"\/wp-content\/uploads\/sites\/2\/2024\/02\/la-secretaria-de-estado-de-economia-social-anima-a-euskadi-a-presentar-proyectos-al-perte-de-economia-social.jpg\" class=\"ff-og-image-inserted\"><\/div>\n<p>Mendia dice que insistir\u00e1n al Gobierno central para que San Sebasti\u00e1n pueda albergar el hub de innovaci\u00f3n en la econom\u00eda social<\/p>\n<p> BILBAO, 8 (EUROPA PRESS)<\/p>\n<p> La secretaria de Estado de Econom\u00eda Social, Amparo Merino, de visita en el Pa\u00eds Vasco, ha animado a Euskadi a presentar proyectos al PERTE de Econom\u00eda Social, cuya convocatoria acaba de ser lanzada con una dotaci\u00f3n de 80 millones, y ha destacado que Euskadi es un \u00abgran referente\u00bb para la econom\u00eda social. En este sentido, la consejera de Trabajo y Empleo, Idoia Mendia, ha se\u00f1alado que insistir\u00e1n al Ejecutivo central para que San Sebasti\u00e1n albergue el hub de innovaci\u00f3n de econom\u00eda social.<\/p>\n<p> Ambas han mantenido un encuentro en Bilbao, con motivo de la visita de Amparo Merino a Euskadi. La secretaria de Estado de Econom\u00eda ha se\u00f1alado que tiene una agenda \u00abenormemente apretada e interesante\u00bb durante su visita al Pa\u00eds Vasco, que es \u00abun gran referente para la econom\u00eda social, pero no solamente en Espa\u00f1a, sino tambi\u00e9n a nivel internacional\u00bb. \u00abPor lo tanto, era una visita obligada, pero al mismo tiempo muy deseada\u00bb, ha a\u00f1adido.<\/p>\n<p> Adem\u00e1s del encuentro con Mendia, este jueves tendr\u00e1 una reuni\u00f3n con el Consejo Superior de Cooperativas previamente se ha reunido con los responsables de Mondragon, que tambi\u00e9n visitar\u00e1 y que es \u00abel alma mater de la econom\u00eda social\u00bb y est\u00e1 inspirada en unos valores \u00abfundamentales\u00bb como son los de \u00abcrear, innovar, no poseer y no dominar\u00bb. <\/p>\n<p> \u00abCuando escucho estos valores, me llega a las entra\u00f1as y hay que seguir impulsando econom\u00eda social, porque es una forma distinta de hacer econom\u00eda, en el caso de Euskadi, con un arraigo territorial que a m\u00ed me parece important\u00edsimo e impulsando el emprendimiento colectivo fundado en principios democr\u00e1ticos\u00bb, ha a\u00f1adido.<\/p>\n<p>\nPERTE DE ECONOM\u00cdA SOCIAL<\/p>\n<p> Asimismo, ha apuntado que acaban de lanzar la convocatoria del PERTE de Econom\u00eda social y Cuidados con 80 millones, y ha indicado que ya tienen varias solicitudes \u00abenormemente interesantes\u00bb.<\/p>\n<p> Amparo Merino ha afirmado que quieren poner en el centro la innovaci\u00f3n, la reactivaci\u00f3n de la econom\u00eda social para \u00abhacerla atractiva a las personas j\u00f3venes\u00bb. Adem\u00e1s, ha destacado uno de los elementos \u00abmuy importantes\u00bb de la econom\u00eda social que recoge la propia convocatoria hace referencia al feminismo, es decir, \u00aba impulsar la econom\u00eda social en sus distintas vertientes hacia las mujeres y, por supuesto, propiciar una transici\u00f3n digital y una transici\u00f3n ecol\u00f3gica justas\u00bb.<\/p>\n<p> Por ello, ha aprovechado para animar \u00aba todos los vascos\u00bb a que presenten proyectos en esta convocatoria, que \u00abes un caso \u00fanico en la historia de Espa\u00f1a\u00bb. <\/p>\n<p> Amparo Merino ha recordado otras iniciativas puestas en marcha, entre ellas el hecho de que el ministerio cuente ahora con el \u00abapellido de econom\u00eda social\u00bb, o que en la pasada legislatura se haya creado la Secretar\u00eda de Estado de Econom\u00eda Social, que mantiene el comisionado y la Direcci\u00f3n General de Econom\u00eda Social y Responsabilidad Social de las empresas.<\/p>\n<p> Tambi\u00e9n ha destacado que se ha reactivado el Consejo de Fomento de la Econom\u00eda Social la pasada legislatura tras \u00abvarios a\u00f1os inactivo\u00bb, y ha indicado que la semana pasada se celebr\u00f3 el primer pleno de este Consejo. Junto a ello ha subrayado que se ha puesto en funcionamiento la Estrategia Espa\u00f1ola de Econom\u00eda Social 2023-2027. <\/p>\n<p> \u00abSomos los grandes protagonistas de la resoluci\u00f3n de Naciones Unidas de Econom\u00eda Social, que aporta una definici\u00f3n de la econom\u00eda social muy inspirada en la definici\u00f3n que nos da la OIT, que considera la econom\u00eda social como una alternativa important\u00edsima para generar empleo de calidad\u00bb, ha a\u00f1adido.<\/p>\n<p> Amparo Merino ha manifestado, adem\u00e1s, que la econom\u00eda social ha sido una de las prioridades de Espa\u00f1a en la presidencia del Consejo de la Uni\u00f3n Europea y siguen \u00abavanzando y construyendo\u00bb la econom\u00eda social y sus principios fundamentales.<\/p>\n<p>\nIDOIA MENDIA<\/p>\n<p> Por su parte, la vicelehendakari segunda y consejera de Trabajo y Empleo, Idoia Mendia, ha recordado que 2023 fue un a\u00f1o \u00abimportante\u00bb porque San Sebasti\u00e1n, como capital de la econom\u00eda social espa\u00f1ola, fue \u00abun exitazo\u00bb. <\/p>\n<p> Seg\u00fan ha apuntado, una de las principales cuestiones que surgi\u00f3 de ese a\u00f1o de capitalidad fue la constituci\u00f3n de un hub de innovaci\u00f3n en la econom\u00eda social. En este sentido, ha se\u00f1alado que \u00absiguen interesados en insistir\u00bb al Gobierno de Espa\u00f1a en que se sit\u00faa en San Sebasti\u00e1n. <\/p>\n<p> Mendia ha indicado que quieren trabajar con esta Secretar\u00eda de estado y con el Gobierno de Espa\u00f1a para que ese hub de innovaci\u00f3n \u00absalga adelante\u00bb porque es un \u00abinter\u00e9s com\u00fan de ambos gobiernos\u00bb y desde el Ejecutivo vasco se quiere que \u00abeste en Euskadi, en San Sebasti\u00e1n\u00bb. <\/p>\n<p> \u00abCon respecto al hub, compartimos objetivos con el Gobierno de Espa\u00f1a en que es una iniciativa muy importante y que puede ser muy beneficiosa para el conjunto de la econom\u00eda social, y adem\u00e1s creo que es una propuesta innovadora a nivel internacional tambi\u00e9n. Con lo cual ser\u00edamos nuevamente un faro para la econom\u00eda social en el mundo, ha apuntado. <\/p>\n<p> Por otra parte, ha se\u00f1alado que en la anterior legislatura quedaron algunos \u00abasuntos pendientes de inter\u00e9s\u00bb para el Gobierno vasco como los que tienen que ver con la dificultad para el establecimiento de planes de igualdad en las cooperativas o la necesidad de mejorar la legislaci\u00f3n de las sociedades participadas. Ha a\u00f1adido que otra petici\u00f3n que hacen las sociedades laborales es poder capitalizar todo el desempleo para \u00abpoder impulsar un poquito m\u00e1s si cabe las sociedades laborales\u00bb.<\/p>\n","protected":false},"excerpt":{"rendered":"<p>Mendia dice que insistir\u00e1n al Gobierno central para que San Sebasti\u00e1n pueda albergar el hub de innovaci\u00f3n en la econom\u00eda social BILBAO, 8 (EUROPA PRESS) La secretaria de Estado de Econom\u00eda Social, Amparo Merino, de visita en el Pa\u00eds Vasco, ha animado a Euskadi a presentar proyectos al PERTE de Econom\u00eda Social, cuya convocatoria acaba [&hellip;]<\/p>\n","protected":false},"author":1,"featured_media":0,"comment_status":"closed","ping_status":"closed","sticky":false,"template":"","format":"standard","meta":{"footnotes":""},"categories":[],"tags":[],"class_list":["post-50025","post","type-post","status-publish","format-standard","hentry"],"_links":{"self":[{"href":"https:\/\/webciudadana.net\/index.php?rest_route=\/wp\/v2\/posts\/50025","targetHints":{"allow":["GET"]}}],"collection":[{"href":"https:\/\/webciudadana.net\/index.php?rest_route=\/wp\/v2\/posts"}],"about":[{"href":"https:\/\/webciudadana.net\/index.php?rest_route=\/wp\/v2\/types\/post"}],"author":[{"embeddable":true,"href":"https:\/\/webciudadana.net\/index.php?rest_route=\/wp\/v2\/users\/1"}],"replies":[{"embeddable":true,"href":"https:\/\/webciudadana.net\/index.php?rest_route=%2Fwp%2Fv2%2Fcomments&post=50025"}],"version-history":[{"count":0,"href":"https:\/\/webciudadana.net\/index.php?rest_route=\/wp\/v2\/posts\/50025\/revisions"}],"wp:attachment":[{"href":"https:\/\/webciudadana.net\/index.php?rest_route=%2Fwp%2Fv2%2Fmedia&parent=50025"}],"wp:term":[{"taxonomy":"category","embeddable":true,"href":"https:\/\/webciudadana.net\/index.php?rest_route=%2Fwp%2Fv2%2Fcategories&post=50025"},{"taxonomy":"post_tag","embeddable":true,"href":"https:\/\/webciudadana.net\/index.php?rest_route=%2Fwp%2Fv2%2Ftags&post=50025"}],"curies":[{"name":"wp","href":"https:\/\/api.w.org\/{rel}","templated":true}]}}