{"id":50026,"date":"2024-02-08T17:46:47","date_gmt":"2024-02-08T16:46:47","guid":{"rendered":"https:\/\/ticker-noticiasep.microcontenidos.com\/NoticiaRSS.vbhtml?user=XRNR562DLR&amp;cod=20240208174647"},"modified":"2024-02-08T17:46:47","modified_gmt":"2024-02-08T16:46:47","slug":"las-rachas-de-viento-superan-los-162-km-h-en-orduna-vizcaya","status":"publish","type":"post","link":"https:\/\/webciudadana.net\/?p=50026","title":{"rendered":"Las rachas de viento superan los 162 km\/h en Ordu\u00f1a (Vizcaya)"},"content":{"rendered":"\n<div><img decoding=\"async\" src=\"\/wp-content\/uploads\/sites\/2\/2024\/02\/las-rachas-de-viento-superan-los-162-km-h-en-orduna-vizcaya.jpg\" class=\"ff-og-image-inserted\"><\/div>\n<p> BILBAO, 8 (EUROPA PRESS)<\/p>\n<p> Bizkaia ha alcanzado este jueves rachas de viento de 162,6 km\/h en Ordu\u00f1a y 159,1 km\/h en Balmaseda. Adem\u00e1s, en Getxo se han registrado 141,1 km\/h, en Karrantza 133,7 km\/h y en Bermeo 131,9 km\/h, seg\u00fan los \u00faltimos datos recogidos por Euskalmet.<\/p>\n<p> Hasta las nueve de la noche de este jueves, el Departamento de Seguridad del Gobierno Vasco tiene activa la alerta naranja por las fuertes rachas de vientos del sur-suroeste en zonas expuestas de Bizkaia, especialmente en zonas de monta\u00f1a y litoral del oeste. Durante el resto de la jornada y zonas, permanece activo el aviso amarillo.<\/p>\n<p> Se prev\u00e9 que contin\u00faen los vientos intensos hasta las tres de la madrugada del viernes, especialmente en zonas de monta\u00f1a del oeste, y por tanto el aviso amarillo. <\/p>\n","protected":false},"excerpt":{"rendered":"<p>BILBAO, 8 (EUROPA PRESS) Bizkaia ha alcanzado este jueves rachas de viento de 162,6 km\/h en Ordu\u00f1a y 159,1 km\/h en Balmaseda. Adem\u00e1s, en Getxo se han registrado 141,1 km\/h, en Karrantza 133,7 km\/h y en Bermeo 131,9 km\/h, seg\u00fan los \u00faltimos datos recogidos por Euskalmet. Hasta las nueve de la noche de este jueves, [&hellip;]<\/p>\n","protected":false},"author":1,"featured_media":0,"comment_status":"closed","ping_status":"closed","sticky":false,"template":"","format":"standard","meta":{"footnotes":""},"categories":[],"tags":[],"class_list":["post-50026","post","type-post","status-publish","format-standard","hentry"],"_links":{"self":[{"href":"https:\/\/webciudadana.net\/index.php?rest_route=\/wp\/v2\/posts\/50026","targetHints":{"allow":["GET"]}}],"collection":[{"href":"https:\/\/webciudadana.net\/index.php?rest_route=\/wp\/v2\/posts"}],"about":[{"href":"https:\/\/webciudadana.net\/index.php?rest_route=\/wp\/v2\/types\/post"}],"author":[{"embeddable":true,"href":"https:\/\/webciudadana.net\/index.php?rest_route=\/wp\/v2\/users\/1"}],"replies":[{"embeddable":true,"href":"https:\/\/webciudadana.net\/index.php?rest_route=%2Fwp%2Fv2%2Fcomments&post=50026"}],"version-history":[{"count":0,"href":"https:\/\/webciudadana.net\/index.php?rest_route=\/wp\/v2\/posts\/50026\/revisions"}],"wp:attachment":[{"href":"https:\/\/webciudadana.net\/index.php?rest_route=%2Fwp%2Fv2%2Fmedia&parent=50026"}],"wp:term":[{"taxonomy":"category","embeddable":true,"href":"https:\/\/webciudadana.net\/index.php?rest_route=%2Fwp%2Fv2%2Fcategories&post=50026"},{"taxonomy":"post_tag","embeddable":true,"href":"https:\/\/webciudadana.net\/index.php?rest_route=%2Fwp%2Fv2%2Ftags&post=50026"}],"curies":[{"name":"wp","href":"https:\/\/api.w.org\/{rel}","templated":true}]}}