{"id":50027,"date":"2024-02-08T18:08:50","date_gmt":"2024-02-08T17:08:50","guid":{"rendered":"https:\/\/ticker-noticiasep.microcontenidos.com\/NoticiaRSS.vbhtml?user=XRNR562DLR&amp;cod=20240208180850"},"modified":"2024-02-08T18:08:50","modified_gmt":"2024-02-08T17:08:50","slug":"fundacion-cotec-recomienda-a-las-empresas-que-no-implementen-sistemas-de-ia-que-puedan-promover-la-desigualdad","status":"publish","type":"post","link":"https:\/\/webciudadana.net\/?p=50027","title":{"rendered":"Fundaci\u00f3n Cotec recomienda a las empresas que no implementen sistemas de IA que puedan promover la desigualdad"},"content":{"rendered":"\n<div><img decoding=\"async\" src=\"\/wp-content\/uploads\/sites\/2\/2024\/02\/fundacion-cotec-recomienda-a-las-empresas-que-no-implementen-sistemas-de-ia-que-puedan-promover-la-desigualdad.jpg\" class=\"ff-og-image-inserted\"><\/div>\n<p> MADRID, 8 (EUROPA PRESS)<\/p>\n<p> La Fundaci\u00f3n Cotec ha presentado este jueves una gu\u00eda con recomendaciones sobre c\u00f3mo usar de forma responsable la inteligencia artificial (IA) en las empresas y, en ese sentido, uno de los consejos m\u00e1s destacados es que las compa\u00f1\u00edas se aseguren de que los sistemas que implementen no promuevan la \u00abdiscriminaci\u00f3n o la desigualdad\u00bb, as\u00ed como tampoco la \u00abdegradaci\u00f3n del medioambiente\u00bb.<\/p>\n<p> En este contexto, el documento elaborado por la entidad identifica seis aspectos clave para introducir la IA en las empresas, en concreto: la necesidad de identificar los casos de uso, evaluar la preparaci\u00f3n de la compa\u00f1\u00eda, crear un ecosistema de socios y proveedores, gestionar el riesgo, comprender los modelos financieros y saber c\u00f3mo escalar y mantener su aplicaci\u00f3n.<\/p>\n<p> As\u00ed, entre las propuestas recogidas en el documento se incluyen la creaci\u00f3n de un \u00abgobierno s\u00f3lido\u00bb en torno a las diferentes fases del ciclo de vida de los desarrollos basados en inteligencia artificial.<\/p>\n<p> \u00abEn cada uno de los desarrollos donde implementemos este tipo de soluciones deberemos considerar las repercusiones \u00e9ticas y sociales de esta tecnolog\u00eda, siendo conscientes de que preservar la privacidad o la seguridad de los datos que usemos es fundamental\u00bb, han apuntado los autores.<\/p>\n<p> Asimismo, han subrayado la importancia de \u00abasegurar\u00bb que los sistemas de IA que se adopten sean \u00abresponsables en su uso\u00bb para garantizar \u00abque no se promueva la discriminaci\u00f3n o la desigualdad, ni tampoco la degradaci\u00f3n del medio ambiente\u00bb.<\/p>\n<p> El estudio elaborado por la Fundaci\u00f3n Cotec ha estado coordinado por empresas como Repsol y Tecnatom y en la elaboraci\u00f3n de la gu\u00eda han participado alrededor de 40 representantes de entidades que forman parte de la fundaci\u00f3n.<\/p>\n","protected":false},"excerpt":{"rendered":"<p>MADRID, 8 (EUROPA PRESS) La Fundaci\u00f3n Cotec ha presentado este jueves una gu\u00eda con recomendaciones sobre c\u00f3mo usar de forma responsable la inteligencia artificial (IA) en las empresas y, en ese sentido, uno de los consejos m\u00e1s destacados es que las compa\u00f1\u00edas se aseguren de que los sistemas que implementen no promuevan la \u00abdiscriminaci\u00f3n o [&hellip;]<\/p>\n","protected":false},"author":1,"featured_media":0,"comment_status":"closed","ping_status":"closed","sticky":false,"template":"","format":"standard","meta":{"footnotes":""},"categories":[],"tags":[],"class_list":["post-50027","post","type-post","status-publish","format-standard","hentry"],"_links":{"self":[{"href":"https:\/\/webciudadana.net\/index.php?rest_route=\/wp\/v2\/posts\/50027","targetHints":{"allow":["GET"]}}],"collection":[{"href":"https:\/\/webciudadana.net\/index.php?rest_route=\/wp\/v2\/posts"}],"about":[{"href":"https:\/\/webciudadana.net\/index.php?rest_route=\/wp\/v2\/types\/post"}],"author":[{"embeddable":true,"href":"https:\/\/webciudadana.net\/index.php?rest_route=\/wp\/v2\/users\/1"}],"replies":[{"embeddable":true,"href":"https:\/\/webciudadana.net\/index.php?rest_route=%2Fwp%2Fv2%2Fcomments&post=50027"}],"version-history":[{"count":0,"href":"https:\/\/webciudadana.net\/index.php?rest_route=\/wp\/v2\/posts\/50027\/revisions"}],"wp:attachment":[{"href":"https:\/\/webciudadana.net\/index.php?rest_route=%2Fwp%2Fv2%2Fmedia&parent=50027"}],"wp:term":[{"taxonomy":"category","embeddable":true,"href":"https:\/\/webciudadana.net\/index.php?rest_route=%2Fwp%2Fv2%2Fcategories&post=50027"},{"taxonomy":"post_tag","embeddable":true,"href":"https:\/\/webciudadana.net\/index.php?rest_route=%2Fwp%2Fv2%2Ftags&post=50027"}],"curies":[{"name":"wp","href":"https:\/\/api.w.org\/{rel}","templated":true}]}}