{"id":50034,"date":"2024-02-09T09:00:52","date_gmt":"2024-02-09T08:00:52","guid":{"rendered":"https:\/\/ticker-noticiasep.microcontenidos.com\/NoticiaRSS.vbhtml?user=XRNR562DLR&amp;cod=20240209090052"},"modified":"2024-02-09T09:00:52","modified_gmt":"2024-02-09T08:00:52","slug":"mundo-jeld-wen-nombra-lideres-senior-para-fortalecer-el-enfoque-en-el-cliente-y-acelerar-el-rendimiento-comercial","status":"publish","type":"post","link":"https:\/\/webciudadana.net\/?p=50034","title":{"rendered":"Mundo: JELD-WEN nombra l\u00edderes s\u00e9nior para fortalecer el enfoque en el cliente y acelerar el rendimiento comercial"},"content":{"rendered":"\n<div><img decoding=\"async\" src=\"\/wp-content\/uploads\/sites\/2\/2024\/02\/mundo-jeld-wen-nombra-lideres-senior-para-fortalecer-el-enfoque-en-el-cliente-y-acelerar-el-rendimiento-comercial.jpg\" class=\"ff-og-image-inserted\"><\/div>\n<p>(Informaci\u00f3n remitida por la empresa firmante)<\/p>\n<p>\nGustavo Vianna se incorpora como vicepresidente ejecutivo y director general de Europa<\/p>\n<p>\nDan Valenti se une como vicepresidente ejecutivo de Puertas y Distribuci\u00f3n de Norteam\u00e9rica<\/p>\n<p>\nMatt Meier se incorpora como vicepresidente ejecutivo y director de informaci\u00f3n y digital<\/p>\n<p>\nCHARLOTTE, N.C., 9 de febrero de 2024 \/PRNewswire\/ &#8212; JELD-WEN Holding, Inc. (NYSE: JELD), un fabricante l\u00edder mundial de productos de construcci\u00f3n, anunci\u00f3 hoy tres nuevos l\u00edderes y un equipo de liderazgo s\u00e9nior renovado para acelerar el rendimiento comercial de la compa\u00f1\u00eda.<\/p>\n<p> \u00abPara lograr todo el potencial de JELD-WEN, nos centramos en garantizar que tengamos las personas y las capacidades adecuadas en toda la empresa para mejorar la excelencia operativa, aumentar la agilidad y profundizar las relaciones con los clientes\u00bb, afirm\u00f3 el consejero delegado William J. Christensen. \u00abNuestro renovado equipo de liderazgo s\u00e9nior re\u00fane a l\u00edderes diversos y experimentados con una profunda experiencia en el sector manufacturero para fortalecer la base de nuestro negocio y ofrecer mayor valor a nuestros clientes, asociados y accionistas\u00bb.<\/p>\n<p> La compa\u00f1\u00eda continuar\u00e1 operando y administrando su negocio a nivel regional y reportando resultados por separado para Europa y Norteam\u00e9rica.<\/p>\n<p> Los siguientes l\u00edderes se unen al equipo de liderazgo s\u00e9nior de JELD-WEN y reportan a Christensen:<\/p>\n<p>\nGustavo Vianna, nombrado vicepresidente ejecutivo y presidente de JELD-WEN Europa. Vianna se une a JELD-WEN con m\u00e1s de 30 a\u00f1os de experiencia en empresas multinacionales, con una profunda experiencia impulsando transformaciones operativas y comerciales. Recientemente se desempe\u00f1\u00f3 como consejero delegado de Aliaxis EMEA, donde dirigi\u00f3 a 4.500 empleados en 17 plantas y 24 centros de distribuci\u00f3n en toda Europa. Nigel Dilks, vicepresidente s\u00e9nior y director general de Europa, dejar\u00e1 JELD-WEN para buscar otras oportunidades despu\u00e9s de garantizar una transici\u00f3n sin problemas.<\/p>\n<p>\nDan Valenti, nombrado vicepresidente ejecutivo de puertas y distribuci\u00f3n de Norteam\u00e9rica. Valenti aporta m\u00e1s de dos d\u00e9cadas de experiencia en gesti\u00f3n general, ventas y liderazgo de operaciones. Se une a la empresa procedente de Whirlpool Corporation, donde pas\u00f3 casi 13 a\u00f1os en puestos de liderazgo de creciente responsabilidad, m\u00e1s recientemente como vicepresidente s\u00e9nior y gerente general de KitchenAid Small Appliances.<\/p>\n<p>\nMatt Meier, quien se incorpora como vicepresidente ejecutivo y director digital y de informaci\u00f3n. Meier tiene m\u00e1s de 25 a\u00f1os de experiencia liderando equipos a trav\u00e9s de transformaciones de tecnolog\u00eda digital en empresas multinacionales de muchas industrias. Recientemente fue vicepresidente ejecutivo y director digital y de datos en Driven Brand Holdings, Inc., donde fue responsable de todos los resultados digitales, de datos y de tecnolog\u00eda que abarcan 14 marcas y 4.400 ubicaciones.<\/p>\n<p>\nDan Jacobs, actualmente vicepresidente y director general de ventanas de Norteam\u00e9rica. Jacobs ha pasado 15 a\u00f1os en JELD-WEN en una variedad de \u00e1reas comerciales que incluyen ventas, desarrollo de productos y, antes de asumir su puesto actual, como vicepresidente y gerente general de puertas exteriores de Norteam\u00e9rica.<\/p>\n<p>\nPeggie Bolan, actual vicepresidenta y directora general de fibra y productos de construcci\u00f3n de Norteam\u00e9rica. Bolan es un ejecutivo experimentado con experiencia en ventas, marketing y operaciones. Ha estado en el negocio de fibras y productos de construcci\u00f3n durante m\u00e1s de 25 a\u00f1os.<\/p>\n<p> Adem\u00e1s, las siguientes funciones contin\u00faan reportando a Christensen y brindando servicios empresariales compartidos en los dos segmentos de informes de la empresa:<\/p>\n<p>\nVicepresidenta ejecutiva y directora financiera Julie Albrecht<\/p>\n<p>\nVicepresidente ejecutivo, asesor general y secretario corporativo Jas Hayes<\/p>\n<p>\nVicepresidente ejecutivo de Transformaci\u00f3n Global Kevin Lilly<\/p>\n<p>\nVicepresidenta ejecutiva y directora de recursos humanos Wendy Livingston<\/p>\n<p>\nAcerca de JELD-WEN Holding, Inc.<\/p>\n<p>\nJELD&#8211;WEN Holding, Inc. (NYSE: JELD) es un dise\u00f1ador, fabricante y distribuidor l\u00edder a nivel mundial de puertas, ventanas y productos de construcci\u00f3n relacionados para interiores y exteriores de alto rendimiento que prestan servicios a los sectores de nueva construcci\u00f3n, reparaci\u00f3n y remodelaci\u00f3n. Con sede en Charlotte, Carolina del Norte, la empresa opera instalaciones en 15 pa\u00edses de Norteam\u00e9rica y Europa y emplea aproximadamente a 18.000 asociados dedicados a proporcionando belleza y seguridad a los espacios que afectan nuestras vidas. La familia de marcas JELD-WEN incluye JELD-WEN\u00ae en todo el mundo, LaCantina\u2122 y VPI\u2122 en Norteam\u00e9rica, y Swedoor\u00ae y DANA\u00ae en Europa. Para obtener m\u00e1s informaci\u00f3n, visite corporate.JELD-WEN.com o siga LinkedIn.<\/p>\n<p> Contacto de medios:<\/p>\n<p>\nCaryn Klebba<\/p>\n<p>\nDirector de Relaciones P\u00fablicas Globales <\/p>\n<p>\n704&#8211;807-1275<\/p>\n<p>\ncklebba@jeldwen.com<\/p>\n<p>\nContacto de relaciones con inversores:<\/p>\n<p>\nJames Armstrong<\/p>\n<p>\nVicepresidente de Relaciones con inversores<\/p>\n<p>\n704&#8211;378-5731<\/p>\n<p>\njarmstrong@jeldwen.com<\/p>\n<p>\nFoto &#8212; https:\/\/mma.prnewswire.com\/media\/2336437\/JELD_WEN_Gustavo_Vianna.jpg<\/p>\n<p>\nFoto &#8212; https:\/\/mma.prnewswire.com\/media\/2336436\/JELD_WEN_Dan_Valenti.jpg<\/p>\n<p>\nFoto &#8212; https:\/\/mma.prnewswire.com\/media\/2336438\/JELD_WEN_Matt_Meier.jpg<\/p>\n<p>\nFoto &#8212; https:\/\/mma.prnewswire.com\/media\/2336439\/JELD_WEN_Dan_Jacobs.jpg<\/p>\n<p>\nFoto &#8212; https:\/\/mma.prnewswire.com\/media\/2336440\/JELD_WEN_Peggie_Bolan.jpg<\/p>\n<p> View original content:https:\/\/www.prnewswire.com\/news-releases\/jeld-wen-nombra-lideres-senior-para-fortalecer-el-enfoque-en-el-cliente-y-acelerar-el-rendimiento-comercial-302057785.html<\/p>\n","protected":false},"excerpt":{"rendered":"<p>(Informaci\u00f3n remitida por la empresa firmante) Gustavo Vianna se incorpora como vicepresidente ejecutivo y director general de Europa Dan Valenti se une como vicepresidente ejecutivo de Puertas y Distribuci\u00f3n de Norteam\u00e9rica Matt Meier se incorpora como vicepresidente ejecutivo y director de informaci\u00f3n y digital CHARLOTTE, N.C., 9 de febrero de 2024 \/PRNewswire\/ &#8212; JELD-WEN Holding, [&hellip;]<\/p>\n","protected":false},"author":1,"featured_media":0,"comment_status":"closed","ping_status":"closed","sticky":false,"template":"","format":"standard","meta":{"footnotes":""},"categories":[],"tags":[],"class_list":["post-50034","post","type-post","status-publish","format-standard","hentry"],"_links":{"self":[{"href":"https:\/\/webciudadana.net\/index.php?rest_route=\/wp\/v2\/posts\/50034","targetHints":{"allow":["GET"]}}],"collection":[{"href":"https:\/\/webciudadana.net\/index.php?rest_route=\/wp\/v2\/posts"}],"about":[{"href":"https:\/\/webciudadana.net\/index.php?rest_route=\/wp\/v2\/types\/post"}],"author":[{"embeddable":true,"href":"https:\/\/webciudadana.net\/index.php?rest_route=\/wp\/v2\/users\/1"}],"replies":[{"embeddable":true,"href":"https:\/\/webciudadana.net\/index.php?rest_route=%2Fwp%2Fv2%2Fcomments&post=50034"}],"version-history":[{"count":0,"href":"https:\/\/webciudadana.net\/index.php?rest_route=\/wp\/v2\/posts\/50034\/revisions"}],"wp:attachment":[{"href":"https:\/\/webciudadana.net\/index.php?rest_route=%2Fwp%2Fv2%2Fmedia&parent=50034"}],"wp:term":[{"taxonomy":"category","embeddable":true,"href":"https:\/\/webciudadana.net\/index.php?rest_route=%2Fwp%2Fv2%2Fcategories&post=50034"},{"taxonomy":"post_tag","embeddable":true,"href":"https:\/\/webciudadana.net\/index.php?rest_route=%2Fwp%2Fv2%2Ftags&post=50034"}],"curies":[{"name":"wp","href":"https:\/\/api.w.org\/{rel}","templated":true}]}}