{"id":50040,"date":"2024-02-09T10:29:48","date_gmt":"2024-02-09T09:29:48","guid":{"rendered":"https:\/\/ticker-noticiasep.microcontenidos.com\/NoticiaRSS.vbhtml?user=XRNR562DLR&amp;cod=20240209102948"},"modified":"2024-02-09T10:29:48","modified_gmt":"2024-02-09T09:29:48","slug":"el-cluster-de-la-energia-de-aragon-se-opone-a-nuevos-impuestos-autonomicos","status":"publish","type":"post","link":"https:\/\/webciudadana.net\/?p=50040","title":{"rendered":"El Cl\u00faster de la Energ\u00eda de Arag\u00f3n se opone a nuevos impuestos auton\u00f3micos"},"content":{"rendered":"\n<p>(Informaci\u00f3n remitida por la empresa firmante)<\/p>\n<p>\nClenar rechaza haber consensuado la nueva legislaci\u00f3n, ya que sus aportaciones esenciales -la exenci\u00f3n completa a la fotovoltaica, progresividad en la e\u00f3lica y exenci\u00f3n total del autoconsumo, entre otras- no han sido atendidas, \u00ablo que confirma el objetivo meramente recaudatorio del nuevo impuesto\u00bb<\/p>\n<p>\nZaragoza, 9 de febrero de 2024.-<\/p>\n<p>\nEl Cl\u00faster de la Energ\u00eda de Arag\u00f3n (Clenar) lamenta que \u00abla ley auton\u00f3mica de Arag\u00f3n por la que se crean nuevos impuestos medioambientales sobre la explotaci\u00f3n de parques e\u00f3licos y fotovoltaicos en la comunidad aut\u00f3noma tiene un objetivo meramente recaudatorio\u00bb. Seg\u00fan reza en exposici\u00f3n de motivos de la ley, estos nuevos impuestos persiguen compensar posibles externalidades negativas ambientales y sociales y promover la reducci\u00f3n del impacto provocado por la explotaci\u00f3n de los parques de renovables. Sin embargo, esta compensaci\u00f3n medioambiental no se ve reflejada en el articulado de la ley ni en sus disposiciones transitorias. Clenar, que rechaza haber participado en el consenso de dicha ley, ya que sus aportaciones esenciales (la exenci\u00f3n completa a la fotovoltaica, progresividad en la e\u00f3lica y exenci\u00f3n total del autoconsumo, entre otras) fueron desestimadas, alerta adem\u00e1s del riesgo que estos nuevos impuestos suponen tanto para el actual sector de las energ\u00edas renovables en la comunidad como para la atracci\u00f3n de nuevas inversiones, impactando as\u00ed muy negativamente en el desarrollo econ\u00f3mico de la comunidad aut\u00f3noma.<\/p>\n<p> Desde su compromiso con el territorio y la transici\u00f3n energ\u00e9tica, el Cl\u00faster de la Energ\u00eda de Arag\u00f3n considera que estos impuestos van a derivar en un impacto negativo en la competitividad de la econom\u00eda e industria de la regi\u00f3n, a la vez que van a conllevar -de manera inmediata por parte de los inversores y desarrolladores de parques e\u00f3licos y fotovoltaicos- un desincentivo a las inversiones en instalaciones de producci\u00f3n de electricidad e hidr\u00f3geno renovable, estas \u00faltimas en un estado todav\u00eda incipiente de desarrollo y necesitadas, por tanto, de una regulaci\u00f3n adaptada y favorable por parte de las administraciones p\u00fablicas. Por todo ello, el Cl\u00faster de la Energ\u00eda de Arag\u00f3n insta al Gobierno auton\u00f3mico a no seguir con la tramitaci\u00f3n de la actual Ley de Impuestos Medioambientales y reclama consenso para poder elaborar un nuevo texto de ley en beneficio de la Comunidad de Arag\u00f3n.<\/p>\n<p> De cara a articular nuevas regulaciones legislativas que afecten al sector de las renovables, el Cl\u00faster de la Energ\u00eda de Arag\u00f3n considera que el Gobierno de Arag\u00f3n deber\u00eda tener en cuenta las siguientes consideraciones:<\/p>\n<p>\n1. Tomar en consideraci\u00f3n los beneficios ambientales, sociales y econ\u00f3micos que conllevan las instalaciones de energ\u00eda renovable, que contribuyen de forma sustancial a mitigar los efectos del cabio clim\u00e1tico sin causar perjuicios significativos a otros objetivos medioambientales en su ejecuci\u00f3n. Adem\u00e1s, existen ya en la actualidad instrumentos de control medioambiental en los procedimientos de autorizaci\u00f3n de proyectos. Conviene, por tanto, partir de este planteamiento a la hora de evaluar su conveniencia y dise\u00f1o, por desplegar un efecto negativo sobre las inversiones renovables y dificultar, por tanto, las posibilidades de ofrecer precios m\u00e1s competitivos.<\/p>\n<p> 2. Comprender que la pol\u00edtica fiscal aragonesa no puede suponer una desventaja competitiva con respecto a otras regiones en el sector e\u00f3lico. La aprobaci\u00f3n de esta Ley supone que Arag\u00f3n es la comunidad que m\u00e1s grava al sector e\u00f3lico (en algunos casos hasta un 80% por encima de la media espa\u00f1ola).<\/p>\n<p> 3. Reconocer que Arag\u00f3n se convierte en la primera comunidad en gravar la producci\u00f3n renovable fotovoltaica y, en consecuencia, incluir la producci\u00f3n fotovoltaica en el sistema de recaudaci\u00f3n.<\/p>\n<p> 4. Ser consciente de que Arag\u00f3n se ha convertido en la comunidad con la mayor carga fiscal de Espa\u00f1a en el sector renovable, generando un desincentivo a la inversi\u00f3n en energ\u00edas limpias en relaci\u00f3n con otras Comunidades Aut\u00f3nomas.<\/p>\n<p> 5. Apostar por una nueva ley impositiva medioambiental clara y efectiva, en la que viera reflejada la proporcionalidad del gravamen frente del impacto generado y sirviera para adecuar a normativa, parques e infraestructuras antiguas.<\/p>\n<p> 6. Trasmitir al sector una confianza y seguridad jur\u00eddica que garantice el desarrollo de nuevas inversiones en generaci\u00f3n y posibilite la implantaci\u00f3n de nuevos proyectos de generaci\u00f3n renovable para todos los sectores industriales aragoneses que redundar\u00e1n en una mejora competitiva global de la industria aragonesa.<\/p>\n<p>\n*<\/p>\n<p>\nUn sector estrat\u00e9gico para Arag\u00f3n<\/p>\n<p>\n*El sector de las energ\u00edas renovables en Arag\u00f3n es un pilar fundamental para el desarrollo sostenible de la regi\u00f3n:*el notable crecimiento en la generaci\u00f3n de energ\u00eda limpia, sostenible e inagotable, respaldado por una prolija normativa y una regulaci\u00f3n pionera, sit\u00faa a Arag\u00f3n como un referente en el impulso de las energ\u00edas renovables a nivel nacional. La decidida apuesta de la regi\u00f3n por las energ\u00edas renovables la ha situado como la segunda comunidad en producci\u00f3n e\u00f3lica a nivel nacional.*Asimismo, Arag\u00f3n es l\u00edder en generaci\u00f3n fotovoltaica en la mitad norte de la Pen\u00ednsula Ib\u00e9rica. El impulso del sector renovable en Arag\u00f3n se ve reflejado en el notable aumento de la producci\u00f3n verde, que ha alcanzado los 14.665 GWh, lo que representa el 80,3% del c\u00f3mputo global.<\/p>\n<p> El sector de las energ\u00edas renovables en Arag\u00f3n ha experimentado un notable crecimiento en los \u00faltimos a\u00f1os, convirti\u00e9ndose en un pilar fundamental para el desarrollo de la regi\u00f3n.*Arag\u00f3n se ha posicionado como una potencia en la generaci\u00f3n de energ\u00eda limpia, sostenible e inagotable, destacando su liderazgo en la producci\u00f3n e\u00f3lica y fotovoltaica.*La regi\u00f3n ha duplicado su producci\u00f3n de energ\u00eda renovable en un lapso de cinco a\u00f1os, pasando del 54% al 80,3% del total gracias a una inversi\u00f3n significativa en parques e\u00f3licos y plantas solares. Esta tendencia se ve respaldada por una normativa prolija, exigente y restrictiva, que garantiza la sostenibilidad y el respeto al valioso patrimonio natural aragon\u00e9s.<\/p>\n<p> La importancia de los recursos renovables ha llevado a Arag\u00f3n a adoptar una regulaci\u00f3n pionera para facilitar y acelerar los proyectos en este \u00e1mbito.*La inversi\u00f3n milmillonaria en parques e\u00f3licos y plantas fotovoltaicas ha sido posible gracias a esta regulaci\u00f3n, que ha permitido el incremento de la potencia instalada en la regi\u00f3n.<\/p>\n<p> Contacto<\/p>\n<p>\nNombre contacto: RG<\/p>\n<p>\nDescripci\u00f3n contacto: Camba Comunicaci\u00f3n<\/p>\n<p>\nTel\u00e9fono de contacto: 911783579<\/p>\n","protected":false},"excerpt":{"rendered":"<p>(Informaci\u00f3n remitida por la empresa firmante) Clenar rechaza haber consensuado la nueva legislaci\u00f3n, ya que sus aportaciones esenciales -la exenci\u00f3n completa a la fotovoltaica, progresividad en la e\u00f3lica y exenci\u00f3n total del autoconsumo, entre otras- no han sido atendidas, \u00ablo que confirma el objetivo meramente recaudatorio del nuevo impuesto\u00bb Zaragoza, 9 de febrero de 2024.- [&hellip;]<\/p>\n","protected":false},"author":1,"featured_media":0,"comment_status":"closed","ping_status":"closed","sticky":false,"template":"","format":"standard","meta":{"footnotes":""},"categories":[],"tags":[],"class_list":["post-50040","post","type-post","status-publish","format-standard","hentry"],"_links":{"self":[{"href":"https:\/\/webciudadana.net\/index.php?rest_route=\/wp\/v2\/posts\/50040","targetHints":{"allow":["GET"]}}],"collection":[{"href":"https:\/\/webciudadana.net\/index.php?rest_route=\/wp\/v2\/posts"}],"about":[{"href":"https:\/\/webciudadana.net\/index.php?rest_route=\/wp\/v2\/types\/post"}],"author":[{"embeddable":true,"href":"https:\/\/webciudadana.net\/index.php?rest_route=\/wp\/v2\/users\/1"}],"replies":[{"embeddable":true,"href":"https:\/\/webciudadana.net\/index.php?rest_route=%2Fwp%2Fv2%2Fcomments&post=50040"}],"version-history":[{"count":0,"href":"https:\/\/webciudadana.net\/index.php?rest_route=\/wp\/v2\/posts\/50040\/revisions"}],"wp:attachment":[{"href":"https:\/\/webciudadana.net\/index.php?rest_route=%2Fwp%2Fv2%2Fmedia&parent=50040"}],"wp:term":[{"taxonomy":"category","embeddable":true,"href":"https:\/\/webciudadana.net\/index.php?rest_route=%2Fwp%2Fv2%2Fcategories&post=50040"},{"taxonomy":"post_tag","embeddable":true,"href":"https:\/\/webciudadana.net\/index.php?rest_route=%2Fwp%2Fv2%2Ftags&post=50040"}],"curies":[{"name":"wp","href":"https:\/\/api.w.org\/{rel}","templated":true}]}}