{"id":50044,"date":"2024-02-09T11:58:48","date_gmt":"2024-02-09T10:58:48","guid":{"rendered":"https:\/\/ticker-noticiasep.microcontenidos.com\/NoticiaRSS.vbhtml?user=XRNR562DLR&amp;cod=20240209115848"},"modified":"2024-02-09T11:58:48","modified_gmt":"2024-02-09T10:58:48","slug":"comunicado-la-gira-la-fabrica-de-chocolate-llega-a-los-arcos-con-la-mayor-exposicion-de-chocolate-nunca-vista","status":"publish","type":"post","link":"https:\/\/webciudadana.net\/?p=50044","title":{"rendered":"Comunicado.- La gira &#8216;La F\u00e1brica de Chocolate&#8217; llega a Los Arcos con \u00abla mayor exposici\u00f3n de chocolate nunca vista\u00bb"},"content":{"rendered":"\n<div><img decoding=\"async\" src=\"\/wp-content\/uploads\/sites\/2\/2024\/02\/comunicado-la-gira-la-fabrica-de-chocolate-llega-a-los-arcos-con-la-mayor-exposicion-de-chocolate-nunca-vista.jpg\" class=\"ff-og-image-inserted\"><\/div>\n<p> SEVILLA, 9 (EUROPA PRESS)<\/p>\n<p> El centro comercial Los Arcos ha dado la bienvenida a la gira &#8216;La F\u00e1brica de Chocolate&#8217;, dise\u00f1ada y organizada por Castellana Properties, firma propietaria del centro, en l\u00ednea con su objetivo de ofrecer a los clientes \u00abexperiencias \u00fanicas para compartir con toda la familia\u00bb. Este espect\u00e1culo contar\u00e1 con la mayor exposici\u00f3n de chocolate nunca vista antes y ambientada en el universo de Willy Wonka, as\u00ed como con talleres de chocolate para los m\u00e1s peque\u00f1os y espect\u00e1culos en vivo inspirados, todos ellos, en los personajes de este dulce universo.<\/p>\n<p> A lo largo del evento, los visitantes podr\u00e1n disfrutar de tres semanas de una gran exposici\u00f3n de 100 metros cuadrados con m\u00e1s de 4.500 kilos de chocolate, 260 kilogramos de miel y 60 kilos de frutos secos elaborados a medida para el centro comercial Los Arcos por \u00c1lvaro Romero, maestro chocolatero en Choco-Expo.<\/p>\n<p> La exposici\u00f3n, que reciclar\u00e1 todo el chocolate para futuras obras, contar\u00e1 con diferentes elementos del mundo de Wonka, como un pueblo formado por edificios fantasiosos, piruletas gigantes y un aut\u00e9ntico r\u00edo de miel y frutos secos. La muestra tambi\u00e9n incluir\u00e1 una aut\u00e9ntica F\u00e1brica de Chocolate, con chimeneas genuinas que proyectar\u00e1n humo.<\/p>\n<p> Para los m\u00e1s peque\u00f1os, Los Arcos ha puesto en marcha unos talleres infantiles en los que los ni\u00f1os, con delantal y gorro tal cual maestros chocolateros, podr\u00e1n aprender a trabajar el chocolate y decorar figuras que despu\u00e9s se llevar\u00e1n a casa. Los talleres se dividir\u00e1n en turnos de 45 minutos por sesi\u00f3n y los asistentes deber\u00e1n reservar su plaza a trav\u00e9s de la aplicaci\u00f3n m\u00f3vil del centro comercial.<\/p>\n<p> En cuanto a los espect\u00e1culos, habr\u00e1 cuatro sesiones diferentes de la mano de Burke Grupo, en los que cobrar\u00e1n vida los personajes de &#8216;La F\u00e1brica de Chocolate&#8217;. Tambi\u00e9n, ni\u00f1os y adultos podr\u00e1n disfrutar de dos pasacalles: &#8216;La asombrosa visita a La F\u00e1brica de Chocolate&#8217; y &#8216;La huida de los Devorachuches&#8217;. Adem\u00e1s, tambi\u00e9n habr\u00e1 dos espect\u00e1culos est\u00e1ticos &#8216;Los secretos de la F\u00e1brica de Chocolate&#8217; y &#8216;El destino de la F\u00e1brica de Chocolate&#8217;, dos historias basadas en los personajes de la famosa pel\u00edcula.<\/p>\n<p> Asimismo, los asistentes a los espect\u00e1culos podr\u00e1n descubrir los cinco billetes dorados, &#8216;Golden tickets&#8217;, escondidos en las piruletas que se repartir\u00e1n tras el primer pasacalle. Los cinco premiados se llevar\u00e1n un lote de dulces, as\u00ed como una variedad de chocolates para recordar y saborear la experiencia de &#8216;La F\u00e1brica de Chocolate&#8217;.<\/p>\n<p> La F\u00e1brica de Chocolate estar\u00e1 funcionando en Los Arcos hasta el pr\u00f3ximo 24 de febrero, de 10,00 a 22,00 horas, para que curiosos y golosos puedan acceder a ella. Asimismo, los pasacalles arrancar\u00e1n el pr\u00f3ximo jueves 22 y recorrer\u00e1n el recinto hasta el s\u00e1bado 24.<\/p>\n<p> &#8216;La F\u00e1brica de Chocolate&#8217;, que llega por primera vez a Sevilla de manos del centro comercial Los Arcos, es \u00abun evento \u00fanico y diferenciado que ofrece diversi\u00f3n para disfrutar en familia\u00bb, seg\u00fan ha explicado el gerente del recinto, Ernesto Pardo.<\/p>\n<p> Los Arcos est\u00e1 gestionado por Cushman &amp; Wakefield, l\u00edder global en servicios inmobiliarios que transforma la manera en que las personas trabajan, compran y viven. Como actor econ\u00f3mico y social, Los Arcos desarrolla a lo largo del a\u00f1o distintas acciones sociales, ambientales y culturales a fin de mejorar su entorno. La realizaci\u00f3n en sus instalaciones de estas iniciativas forma parte de su responsabilidad social que persigue la mejora de la vida de los sevillanos.<\/p>\n","protected":false},"excerpt":{"rendered":"<p>SEVILLA, 9 (EUROPA PRESS) El centro comercial Los Arcos ha dado la bienvenida a la gira &#8216;La F\u00e1brica de Chocolate&#8217;, dise\u00f1ada y organizada por Castellana Properties, firma propietaria del centro, en l\u00ednea con su objetivo de ofrecer a los clientes \u00abexperiencias \u00fanicas para compartir con toda la familia\u00bb. Este espect\u00e1culo contar\u00e1 con la mayor exposici\u00f3n [&hellip;]<\/p>\n","protected":false},"author":1,"featured_media":0,"comment_status":"closed","ping_status":"closed","sticky":false,"template":"","format":"standard","meta":{"footnotes":""},"categories":[],"tags":[],"class_list":["post-50044","post","type-post","status-publish","format-standard","hentry"],"_links":{"self":[{"href":"https:\/\/webciudadana.net\/index.php?rest_route=\/wp\/v2\/posts\/50044","targetHints":{"allow":["GET"]}}],"collection":[{"href":"https:\/\/webciudadana.net\/index.php?rest_route=\/wp\/v2\/posts"}],"about":[{"href":"https:\/\/webciudadana.net\/index.php?rest_route=\/wp\/v2\/types\/post"}],"author":[{"embeddable":true,"href":"https:\/\/webciudadana.net\/index.php?rest_route=\/wp\/v2\/users\/1"}],"replies":[{"embeddable":true,"href":"https:\/\/webciudadana.net\/index.php?rest_route=%2Fwp%2Fv2%2Fcomments&post=50044"}],"version-history":[{"count":0,"href":"https:\/\/webciudadana.net\/index.php?rest_route=\/wp\/v2\/posts\/50044\/revisions"}],"wp:attachment":[{"href":"https:\/\/webciudadana.net\/index.php?rest_route=%2Fwp%2Fv2%2Fmedia&parent=50044"}],"wp:term":[{"taxonomy":"category","embeddable":true,"href":"https:\/\/webciudadana.net\/index.php?rest_route=%2Fwp%2Fv2%2Fcategories&post=50044"},{"taxonomy":"post_tag","embeddable":true,"href":"https:\/\/webciudadana.net\/index.php?rest_route=%2Fwp%2Fv2%2Ftags&post=50044"}],"curies":[{"name":"wp","href":"https:\/\/api.w.org\/{rel}","templated":true}]}}