{"id":50050,"date":"2024-02-09T14:48:27","date_gmt":"2024-02-09T13:48:27","guid":{"rendered":"https:\/\/ticker-noticiasep.microcontenidos.com\/NoticiaRSS.vbhtml?user=XRNR562DLR&amp;cod=20240209144827"},"modified":"2024-02-09T14:48:27","modified_gmt":"2024-02-09T13:48:27","slug":"repsol-se-alia-con-los-goya-y-el-festival-de-malaga-para-impulsar-su-sotenibilidad-con-combustibles-verdes","status":"publish","type":"post","link":"https:\/\/webciudadana.net\/?p=50050","title":{"rendered":"Repsol se al\u00eda con los Goya y el Festival de M\u00e1laga para impulsar su sotenibilidad con combustibles &#8216;verdes&#8217;"},"content":{"rendered":"\n<div><img decoding=\"async\" src=\"\/wp-content\/uploads\/sites\/2\/2024\/02\/repsol-se-alia-con-los-goya-y-el-festival-de-malaga-para-impulsar-su-sotenibilidad-con-combustibles-verdes.jpg\" class=\"ff-og-image-inserted\"><\/div>\n<p> MADRID, 9 (EUROPA PRESS)<\/p>\n<p> Repsol se ha aliado con la gala de los Goya, cuya 38 edici\u00f3n se celebra este s\u00e1bado en Valladolid, y con el Festival de M\u00e1laga para, a trav\u00e9s de su oferta multienerg\u00e9tica, impulsar la sostenibilidad de estos dos eventos.<\/p>\n<p> En concreto, la gran gala del cine espa\u00f1ol cubrir\u00e1 parte de sus necesidades energ\u00e9ticas con los combustibles 100% renovables que la energ\u00e9tica produce a partir de residuos org\u00e1nicos, inform\u00f3 la compa\u00f1\u00eda.<\/p>\n<p> Asimismo, estos combustibles 100% renovables tambi\u00e9n impulsar\u00e1n la flota de veh\u00edculos oficiales que transportar\u00e1n a los invitados a la alfombra roja.<\/p>\n<p> Por otro lado, los veh\u00edculos el\u00e9ctricos de la flota har\u00e1n uso de la amplia red de recarga p\u00fablica que Repsol tiene en la capital del Pisuerga.<\/p>\n<p> Adem\u00e1s, las emisiones CO2 del evento que no se puedan evitar, se compensar\u00e1n a trav\u00e9s de Motor Verde, la iniciativa de Fundaci\u00f3n Repsol que reforesta terrenos incendiados o bald\u00edos.<\/p>\n<p> Por su parte, el Festival de M\u00e1laga, otra de las grandes citas anuales del cine espa\u00f1ol, tambi\u00e9n adoptar\u00e1 los combustibles 100% renovables y la movilidad el\u00e9ctrica de la energ\u00e9tica para atender las demandas del festival. Las flotas de veh\u00edculos oficiales y los transfer de autobuses utilizar\u00e1n di\u00e9sel 100% renovable.<\/p>\n<p> Igualmente, Repsol pondr\u00e1 a disposici\u00f3n de la flota de veh\u00edculos el\u00e9ctricos e h\u00edbridos enchufables del Festival toda su red de recarga p\u00fablica de la ciudad de M\u00e1laga, con 22 puntos instalados y operativos, y habilitar\u00e1 dos puntos adicionales port\u00e1tiles en la plaza de la Merced.<\/p>\n","protected":false},"excerpt":{"rendered":"<p>MADRID, 9 (EUROPA PRESS) Repsol se ha aliado con la gala de los Goya, cuya 38 edici\u00f3n se celebra este s\u00e1bado en Valladolid, y con el Festival de M\u00e1laga para, a trav\u00e9s de su oferta multienerg\u00e9tica, impulsar la sostenibilidad de estos dos eventos. En concreto, la gran gala del cine espa\u00f1ol cubrir\u00e1 parte de sus [&hellip;]<\/p>\n","protected":false},"author":1,"featured_media":0,"comment_status":"closed","ping_status":"closed","sticky":false,"template":"","format":"standard","meta":{"footnotes":""},"categories":[],"tags":[],"class_list":["post-50050","post","type-post","status-publish","format-standard","hentry"],"_links":{"self":[{"href":"https:\/\/webciudadana.net\/index.php?rest_route=\/wp\/v2\/posts\/50050","targetHints":{"allow":["GET"]}}],"collection":[{"href":"https:\/\/webciudadana.net\/index.php?rest_route=\/wp\/v2\/posts"}],"about":[{"href":"https:\/\/webciudadana.net\/index.php?rest_route=\/wp\/v2\/types\/post"}],"author":[{"embeddable":true,"href":"https:\/\/webciudadana.net\/index.php?rest_route=\/wp\/v2\/users\/1"}],"replies":[{"embeddable":true,"href":"https:\/\/webciudadana.net\/index.php?rest_route=%2Fwp%2Fv2%2Fcomments&post=50050"}],"version-history":[{"count":0,"href":"https:\/\/webciudadana.net\/index.php?rest_route=\/wp\/v2\/posts\/50050\/revisions"}],"wp:attachment":[{"href":"https:\/\/webciudadana.net\/index.php?rest_route=%2Fwp%2Fv2%2Fmedia&parent=50050"}],"wp:term":[{"taxonomy":"category","embeddable":true,"href":"https:\/\/webciudadana.net\/index.php?rest_route=%2Fwp%2Fv2%2Fcategories&post=50050"},{"taxonomy":"post_tag","embeddable":true,"href":"https:\/\/webciudadana.net\/index.php?rest_route=%2Fwp%2Fv2%2Ftags&post=50050"}],"curies":[{"name":"wp","href":"https:\/\/api.w.org\/{rel}","templated":true}]}}