{"id":50052,"date":"2024-02-09T16:00:47","date_gmt":"2024-02-09T15:00:47","guid":{"rendered":"https:\/\/ticker-noticiasep.microcontenidos.com\/NoticiaRSS.vbhtml?user=XRNR562DLR&amp;cod=20240209160047"},"modified":"2024-02-09T16:00:47","modified_gmt":"2024-02-09T15:00:47","slug":"fundacion-mapfre-destina-76-000-euros-para-ayudar-a-los-damnificados-por-los-incendios-de-chile-y-activa-su-voluntariado","status":"publish","type":"post","link":"https:\/\/webciudadana.net\/?p=50052","title":{"rendered":"Fundaci\u00f3n MAPFRE destina 76.000 euros para ayudar a los damnificados por los incendios de Chile y activa su voluntariado"},"content":{"rendered":"\n<div><img decoding=\"async\" src=\"\/wp-content\/uploads\/sites\/2\/2024\/02\/fundacion-mapfre-destina-76-000-euros-para-ayudar-a-los-damnificados-por-los-incendios-de-chile-y-activa-su-voluntariado.jpg\" class=\"ff-og-image-inserted\"><\/div>\n<p> MADRID, 9 (EUROPA PRESS)<\/p>\n<p> Fundaci\u00f3n MAPFRE destinar\u00e1 una ayuda de 73.000 euros para ayudar a los damnificados de las zonas m\u00e1s afectadas por los incendios que han afectado a Chile en los \u00faltimos d\u00edas, seg\u00fan ha informado la entidad.<\/p>\n<p> Tambi\u00e9n ha puesto en marcha su voluntariado local que ha realizado una primera entrega de bienes de primera necesidad a afectados de la comunidad Bellavista Manuel Bustos del sector Achupalla y colaborar\u00e1 con la C\u00e1mara de Comercio de Espa\u00f1a en Chile en la compra de bienes de primera necesidad con una donaci\u00f3n de 3.000 euros.<\/p>\n<p> En los \u00faltimos a\u00f1os, Fundaci\u00f3n MAPFRE ha activado distintas campa\u00f1as para ayudar a los afectados en situaci\u00f3n de emergencia, como la realizada hace un a\u00f1o, con motivo del terremoto que afect\u00f3 a Turqu\u00eda; o en 2023, con motivo del hurac\u00e1n Otis, ocurrido en M\u00e9xico; en 2022, con motivo de la guerra en Ucrania; o la que realiz\u00f3 en 2017 en Per\u00fa, como consecuencia del fen\u00f3meno El Ni\u00f1o Costero, entre otras.<\/p>\n","protected":false},"excerpt":{"rendered":"<p>MADRID, 9 (EUROPA PRESS) Fundaci\u00f3n MAPFRE destinar\u00e1 una ayuda de 73.000 euros para ayudar a los damnificados de las zonas m\u00e1s afectadas por los incendios que han afectado a Chile en los \u00faltimos d\u00edas, seg\u00fan ha informado la entidad. Tambi\u00e9n ha puesto en marcha su voluntariado local que ha realizado una primera entrega de bienes [&hellip;]<\/p>\n","protected":false},"author":1,"featured_media":0,"comment_status":"closed","ping_status":"closed","sticky":false,"template":"","format":"standard","meta":{"footnotes":""},"categories":[],"tags":[],"class_list":["post-50052","post","type-post","status-publish","format-standard","hentry"],"_links":{"self":[{"href":"https:\/\/webciudadana.net\/index.php?rest_route=\/wp\/v2\/posts\/50052","targetHints":{"allow":["GET"]}}],"collection":[{"href":"https:\/\/webciudadana.net\/index.php?rest_route=\/wp\/v2\/posts"}],"about":[{"href":"https:\/\/webciudadana.net\/index.php?rest_route=\/wp\/v2\/types\/post"}],"author":[{"embeddable":true,"href":"https:\/\/webciudadana.net\/index.php?rest_route=\/wp\/v2\/users\/1"}],"replies":[{"embeddable":true,"href":"https:\/\/webciudadana.net\/index.php?rest_route=%2Fwp%2Fv2%2Fcomments&post=50052"}],"version-history":[{"count":0,"href":"https:\/\/webciudadana.net\/index.php?rest_route=\/wp\/v2\/posts\/50052\/revisions"}],"wp:attachment":[{"href":"https:\/\/webciudadana.net\/index.php?rest_route=%2Fwp%2Fv2%2Fmedia&parent=50052"}],"wp:term":[{"taxonomy":"category","embeddable":true,"href":"https:\/\/webciudadana.net\/index.php?rest_route=%2Fwp%2Fv2%2Fcategories&post=50052"},{"taxonomy":"post_tag","embeddable":true,"href":"https:\/\/webciudadana.net\/index.php?rest_route=%2Fwp%2Fv2%2Ftags&post=50052"}],"curies":[{"name":"wp","href":"https:\/\/api.w.org\/{rel}","templated":true}]}}