{"id":50056,"date":"2024-02-09T19:01:49","date_gmt":"2024-02-09T18:01:49","guid":{"rendered":"https:\/\/ticker-noticiasep.microcontenidos.com\/NoticiaRSS.vbhtml?user=XRNR562DLR&amp;cod=20240209190149"},"modified":"2024-02-09T19:01:49","modified_gmt":"2024-02-09T18:01:49","slug":"fundacion-endesa-reune-al-tercer-sector-en-su-25-aniversario-que-destaca-la-importancia-de-las-alianzas","status":"publish","type":"post","link":"https:\/\/webciudadana.net\/?p=50056","title":{"rendered":"Fundaci\u00f3n Endesa re\u00fane al Tercer Sector en su 25 aniversario, que destaca la importancia de las alianzas"},"content":{"rendered":"\n<div><img decoding=\"async\" src=\"\/wp-content\/uploads\/sites\/2\/2024\/02\/fundacion-endesa-reune-al-tercer-sector-en-su-25-aniversario-que-destaca-la-importancia-de-las-alianzas.jpg\" class=\"ff-og-image-inserted\"><\/div>\n<p>La Fundaci\u00f3n ha destinado m\u00e1s de 100 millones de euros a mejorar la vida de las personas y sus entornos en 25 a\u00f1os<\/p>\n<p> MADRID, 9 (EUROPA PRESS)<\/p>\n<p> La Fundaci\u00f3n Endesa ha cerrado su 25 aniversario con un acto al que han asistido numerosos representantes de ONG, entidades sociales p\u00fablicas y privadas y fundaciones corporativas para hablar de presente y futuro en una mesa redonda sobre &#8216;Tendencias y Retos del Tercer Sector&#8217;, seg\u00fan informa la instituci\u00f3n.<\/p>\n<p> La mesa cont\u00f3 con las directoras generales de la Fundaci\u00f3n Endesa, la Fundaci\u00f3n PwC y la Fundaci\u00f3n Integra, Mar\u00eda Malaxechevarr\u00eda y Marta Colomina, Ana Mu\u00f1oz de Dios, respectivamente, as\u00ed como Elena Pita, directora de la Fundaci\u00f3n Biodiversidad, entidad dependiente del Ministerio para la Transici\u00f3n Ecol\u00f3gica y el Reto Demogr\u00e1fico.<\/p>\n<p> En su intervenci\u00f3n, Malaxechevarr\u00eda subray\u00f3 la relevancia del enfoque colaborativo como una de las claves que est\u00e1 ya marcando al tercer sector, pues \u00abpermite tener m\u00e1s impacto de forma m\u00e1s eficiente\u00bb. De hecho, precis\u00f3 que la actual forma de trabajo de la Fundaci\u00f3n Endesa \u00abse basa en el co-dise\u00f1o y la co-creaci\u00f3n de proyectos de la mano de entidades referentes en cada \u00e1mbito de actuaci\u00f3n\u00bb.<\/p>\n<p> \u00abComo fundaci\u00f3n corporativa tenemos el m\u00fasculo econ\u00f3mico, pero tambi\u00e9n es muy importante contar con la experiencia y la llegada a los colectivos de nuestros socios\u00bb, apostill\u00f3.<\/p>\n<p> Malaxechevarr\u00eda comparti\u00f3 adem\u00e1s la visi\u00f3n de futuro de la Fundaci\u00f3n Endesa, centrada en \u00abmaximizar la huella social en todos los grupos de inter\u00e9s con los que nos relacionamos, beneficiarios, socios y nuestra entidad fundadora, de la cual somos expresi\u00f3n de su compromiso social\u00bb. \u00abY todo ello con ilusi\u00f3n y vocaci\u00f3n de servicio sumada a una gesti\u00f3n eficiente y profesionalizada capaz de medir nuestro impacto\u00bb, indic\u00f3.<\/p>\n<p> Precisamente, uno de esos socios es la Fundaci\u00f3n Integra. Entre ambas entidades desarrollan desde hace nueve a\u00f1os el programa &#8216;Cambiando Vidas&#8217;, que busca la inserci\u00f3n laboral de personas en situaci\u00f3n de vulnerabilidad.<\/p>\n<p> Para su directora general, Ana Mu\u00f1oz de Dios, \u00ablos retos a los que nos enfrentamos en el tercer sector son m\u00e1s bien oportunidades\u00bb. \u00abEl principal es la transformaci\u00f3n digital, clave para mejorar la eficiencia de las entidades y poder ayudar a m\u00e1s personas con un modelo sostenible; y formar a los beneficiarios hacia empleos m\u00e1s digitales. Otros retos pasan por acompa\u00f1ar a las empresas en el desarrollo de su dimensi\u00f3n social ESG, teniendo presentes a los stakeholders para generar un mayor impacto social y ser capaces de medirlo\u00bb, afirm\u00f3.<\/p>\n<p> Por su parte, Colomina hizo una radiograf\u00eda de la importancia de este sector caracterizado por ser diverso en cuanto a sus prop\u00f3sitos y tipolog\u00eda, por estar muy atomizado, con presencia de muchas organizaciones peque\u00f1as y, adem\u00e1s, por su relevancia ya que emplea a m\u00e1s de medio mill\u00f3n de personas y moviliza por encima del mill\u00f3n de voluntarios en m\u00e1s de 300.000 entidades y representa el 1,4 por ciento del PIB espa\u00f1ol. En concreto, las fundaciones corporativas aportan m\u00e1s de 1.000 millones de inversi\u00f3n.<\/p>\n<p> Adem\u00e1s, enumer\u00f3 los retos de presente y futuro para el tercer sector: cuidar de la confianza p\u00fablica y la reputaci\u00f3n a trav\u00e9s de la transparencia y la aplicaci\u00f3n de los m\u00e1s altos est\u00e1ndares \u00e9ticos; la sostenibilidad financiera para mantener la capacidad operativa en momentos de fluctuaciones econ\u00f3micas; el impacto de la inteligencia artificial y la innovaci\u00f3n, que permite dise\u00f1ar nuevas soluciones en un mundo en permanente cambio; y el fortalecimiento de las alianzas, factor clave para abordar los grandes problemas sociales.<\/p>\n<p> \u00abHay que ir hacia modelos m\u00e1s colaborativos, entender y aceptar que caminamos juntos. No es f\u00e1cil, pero es imprescindible\u00bb, afirm\u00f3 Colomina, para quien el sector tiene un desaf\u00edo por delante: la necesidad de gestionar el relativo alejamiento de las nuevas generaciones pues \u00abseg\u00fan un informe de la Fundaci\u00f3n Bot\u00edn, 8 de cada 10 ONGs sienten dificultad para conectar con los m\u00e1s j\u00f3venes\u00bb, un segmento de poblaci\u00f3n que, seg\u00fan la directora general de la Fundaci\u00f3n PwC, requiere modelos de comunicaci\u00f3n adaptados a sus canales.<\/p>\n<p> Adem\u00e1s, se\u00f1al\u00f3 que \u00ablos j\u00f3venes buscan involucrarse directamente y demandan un impacto inmediato\u00bb. En este sentido, la directora de la Fundaci\u00f3n Biodiversidad, Elena Pita, expuso que \u00abla complejidad de los retos ambientales a los que nos enfrentamos exige la implicaci\u00f3n de todos los actores, algo fundamental en el camino hacia la transici\u00f3n ecol\u00f3gica\u00bb.<\/p>\n<p> \u00abPara conseguirlo, trabajamos estableciendo alianzas y puentes con otras administraciones, con la ciencia y sector acad\u00e9mico, con la iniciativa privada y con la sociedad en su conjunto. Nuestra misi\u00f3n es contribuir a revertir la p\u00e9rdida de biodiversidad y esto exige impulsar actuaciones en varios \u00e1mbitos a la vez, para conservar los ecosistemas sanos, restaurar los ecosistemas degradados, promover un uso sostenible de la biodiversidad y frenar las causas de su deterioro\u00bb, destac\u00f3.<\/p>\n<p> Para el presidente de Endesa y de su Fundaci\u00f3n, Juan S\u00e1nchez-Calero, \u00abla Fundaci\u00f3n es un elemento clave para que Endesa pueda acercarse a la sociedad y concretar las l\u00edneas sociales de la entidad fundadora\u00bb. Asimismo, destac\u00f3 como caracter\u00edstico de la Fundaci\u00f3n Endesa \u00abla inteligencia de la humildad para ser capaces de establecer alianzas con otros para llegar a m\u00e1s personas, ser m\u00e1s eficientes. La ilusi\u00f3n por mejorar las cosas es un componente especialmente v\u00e1lido en la sociedad actual\u00bb.<\/p>\n<p>\nBALANCE DE 25 A\u00d1OS DE ACTUACI\u00d3N<\/p>\n<p> Actualmente, la Fundaci\u00f3n Endesa desarrolla una veintena de proyectos a trav\u00e9s de cinco l\u00edneas de actuaci\u00f3n: Educaci\u00f3n, Formaci\u00f3n para el empleo, Cultura, Biodiversidad y Voluntariado corporativo \u00abque contaron el a\u00f1o pasado con 60.000 beneficiarios\u00bb, como destac\u00f3 el CEO de Endesa, Jos\u00e9 Bogas.<\/p>\n<p> \u00abLa Fundaci\u00f3n es un motivo de orgullo para todos los que formamos parte de la compa\u00f1\u00eda. Ha ido evolucionando en estos 25 a\u00f1os, creciendo, adapt\u00e1ndose a los tiempos, pero siempre con una voluntad de servicio, de dar respuesta a las necesidades sociales m\u00e1s apremiantes, de ser parte del progreso hacia una vida y un mundo mejor\u00bb, subray\u00f3.<\/p>\n<p> En estos 25 a\u00f1os, la Fundaci\u00f3n Endesa ha destinado m\u00e1s de 100 millones de euros a mejorar la vida de las personas y sus entornos. En la \u00faltima d\u00e9cada sus programas educativos han llegado a m\u00e1s de 300.000 alumnos y docentes de todos los ciclos formativos, promoviendo las vocaciones STEM y el emprendimiento tecnol\u00f3gico, el cuidado y el compromiso con el entorno, as\u00ed como el conocimiento del mundo de la energ\u00eda y su uso responsable.<\/p>\n<p> En el \u00e1mbito de la formaci\u00f3n para el empleo se ha formado a cerca de 42.000 personas en situaci\u00f3n de vulnerabilidad y en el de la cultura se ha acercado el arte a unas 2.000. Adem\u00e1s, a lo largo de toda su historia, la Fundaci\u00f3n Endesa ha iluminado m\u00e1s de 700 monumentos del patrimonio hist\u00f3rico-art\u00edstico a trav\u00e9s de proyectos de iluminaci\u00f3n eficiente y sostenible.<\/p>\n<p> Desde 2021, canaliza las inquietudes solidarias de m\u00e1s de 2.000 voluntarios empleados de Endesa que, con compromiso, han contribuido a preservar el medioambiente y mejorar la vida de cerca de 40.000 personas; y tambi\u00e9n se ha creado el \u00e1rea de Biodiversidad para sensibilizar y cuidar del entorno con proyectos realizados de la mano de expertos en esta materia. En este sentido, por ejemplo, se renaturalizar\u00e1n 26 islas de biodiversidad en siete espacios verdes de Madrid.<\/p>\n","protected":false},"excerpt":{"rendered":"<p>La Fundaci\u00f3n ha destinado m\u00e1s de 100 millones de euros a mejorar la vida de las personas y sus entornos en 25 a\u00f1os MADRID, 9 (EUROPA PRESS) La Fundaci\u00f3n Endesa ha cerrado su 25 aniversario con un acto al que han asistido numerosos representantes de ONG, entidades sociales p\u00fablicas y privadas y fundaciones corporativas para [&hellip;]<\/p>\n","protected":false},"author":1,"featured_media":0,"comment_status":"closed","ping_status":"closed","sticky":false,"template":"","format":"standard","meta":{"footnotes":""},"categories":[],"tags":[],"class_list":["post-50056","post","type-post","status-publish","format-standard","hentry"],"_links":{"self":[{"href":"https:\/\/webciudadana.net\/index.php?rest_route=\/wp\/v2\/posts\/50056","targetHints":{"allow":["GET"]}}],"collection":[{"href":"https:\/\/webciudadana.net\/index.php?rest_route=\/wp\/v2\/posts"}],"about":[{"href":"https:\/\/webciudadana.net\/index.php?rest_route=\/wp\/v2\/types\/post"}],"author":[{"embeddable":true,"href":"https:\/\/webciudadana.net\/index.php?rest_route=\/wp\/v2\/users\/1"}],"replies":[{"embeddable":true,"href":"https:\/\/webciudadana.net\/index.php?rest_route=%2Fwp%2Fv2%2Fcomments&post=50056"}],"version-history":[{"count":0,"href":"https:\/\/webciudadana.net\/index.php?rest_route=\/wp\/v2\/posts\/50056\/revisions"}],"wp:attachment":[{"href":"https:\/\/webciudadana.net\/index.php?rest_route=%2Fwp%2Fv2%2Fmedia&parent=50056"}],"wp:term":[{"taxonomy":"category","embeddable":true,"href":"https:\/\/webciudadana.net\/index.php?rest_route=%2Fwp%2Fv2%2Fcategories&post=50056"},{"taxonomy":"post_tag","embeddable":true,"href":"https:\/\/webciudadana.net\/index.php?rest_route=%2Fwp%2Fv2%2Ftags&post=50056"}],"curies":[{"name":"wp","href":"https:\/\/api.w.org\/{rel}","templated":true}]}}