{"id":50067,"date":"2024-02-12T11:22:37","date_gmt":"2024-02-12T10:22:37","guid":{"rendered":"https:\/\/ticker-noticiasep.microcontenidos.com\/NoticiaRSS.vbhtml?user=XRNR562DLR&amp;cod=20240212112237"},"modified":"2024-02-12T11:22:37","modified_gmt":"2024-02-12T10:22:37","slug":"elho-presenta-su-nueva-coleccion-de-macetas-elaboradas-con-residuos-de-cafe","status":"publish","type":"post","link":"https:\/\/webciudadana.net\/?p=50067","title":{"rendered":"Elho presenta su nueva colecci\u00f3n de macetas elaboradas con residuos de caf\u00e9"},"content":{"rendered":"\n<div><img decoding=\"async\" src=\"\/wp-content\/uploads\/sites\/2\/2024\/02\/elho-presenta-su-nueva-coleccion-de-macetas-elaboradas-con-residuos-de-cafe.jpg\" class=\"ff-og-image-inserted\"><\/div>\n<p>(Informaci\u00f3n remitida por la empresa firmante)<\/p>\n<p>\nCada a\u00f1o se consumen miles de millones de tazas de caf\u00e9 y s\u00f3lo una peque\u00f1a parte de sus granos acaba en una taza y el resto son residuos<\/p>\n<p>\nBarcelona, 12 de febrero de 2024.-*Se calcula que en Europa se producen unos 6 millones de toneladas de caf\u00e9 que generan un importante problema con sus residuos, pero la buena noticia es que existen soluciones.<\/p>\n<p> Desde elho, junto a la compa\u00f1\u00eda Coffee Based dedicada a la recogida de residuos de caf\u00e9 en empresas, dan una segunda vida a los posos del caf\u00e9, convirti\u00e9ndolos en unas macetas de dise\u00f1o que demuestran la belleza de los residuos.<\/p>\n<p> La nueva colecci\u00f3n Coffee contribuye a reducir las emisiones nocivas de CO2 que produce la incineraci\u00f3n de los posos. Cada maceta contiene al menos tres tazas de residuos de caf\u00e9, algo que queda demostrado tanto por su color caf\u00e9 espresso intenso como por su aroma.<\/p>\n<p> Adem\u00e1s, para facilitar el cuidado de las plantas, optimizar el riego y ahorrar agua, las medidas de 18 y 22 cm*admiten el ingenioso sistema \u00abinsert\u00bb de autorriego elho. Se trata de una soluci\u00f3n f\u00e1cil de usar que encaja en la mayor\u00eda de macetas e incorpora un indicador para comprobar la cantidad de agua que queda y si es necesario rellenarlo de nuevo.*<\/p>\n<p>\nLas macetas de la*colecci\u00f3n Coffee est\u00e1n fabricadas con pl\u00e1stico 100% reciclado y son 100% reciclables,*es decir, una vez finalizada su vida \u00fatil pueden volver a reciclarse.*<\/p>\n<p>\nElho enfoca sus esfuerzos en pro de la sostenibilidad. Hasta hoy, ha procesado 12 toneladas de residuos para transformarlos en macetas y jardineras mediante regranulado derivado de residuos pl\u00e1sticos, compuesto por un 58% de residuos post-consumo y un 42% de residuos post-industriales.<\/p>\n<p> \u00abPensando en el Planeta y utilizando la imaginaci\u00f3n, todo el mundo puede*contribuir a crear un mundo m\u00e1s circular enfocado a cuidar y amar la naturaleza\u00bb.*<\/p>\n<p>\n*www.elho.com<\/p>\n<p>\nEmisor: Elho<\/p>\n<p>\nContacto<\/p>\n<p>\nNombre contacto: Silvia Carulla<\/p>\n<p>\nDescripci\u00f3n contacto: Prensa<\/p>\n<p>\nTel\u00e9fono de contacto: 609 732 967<\/p>\n","protected":false},"excerpt":{"rendered":"<p>(Informaci\u00f3n remitida por la empresa firmante) Cada a\u00f1o se consumen miles de millones de tazas de caf\u00e9 y s\u00f3lo una peque\u00f1a parte de sus granos acaba en una taza y el resto son residuos Barcelona, 12 de febrero de 2024.-*Se calcula que en Europa se producen unos 6 millones de toneladas de caf\u00e9 que generan [&hellip;]<\/p>\n","protected":false},"author":1,"featured_media":0,"comment_status":"closed","ping_status":"closed","sticky":false,"template":"","format":"standard","meta":{"footnotes":""},"categories":[],"tags":[],"class_list":["post-50067","post","type-post","status-publish","format-standard","hentry"],"_links":{"self":[{"href":"https:\/\/webciudadana.net\/index.php?rest_route=\/wp\/v2\/posts\/50067","targetHints":{"allow":["GET"]}}],"collection":[{"href":"https:\/\/webciudadana.net\/index.php?rest_route=\/wp\/v2\/posts"}],"about":[{"href":"https:\/\/webciudadana.net\/index.php?rest_route=\/wp\/v2\/types\/post"}],"author":[{"embeddable":true,"href":"https:\/\/webciudadana.net\/index.php?rest_route=\/wp\/v2\/users\/1"}],"replies":[{"embeddable":true,"href":"https:\/\/webciudadana.net\/index.php?rest_route=%2Fwp%2Fv2%2Fcomments&post=50067"}],"version-history":[{"count":0,"href":"https:\/\/webciudadana.net\/index.php?rest_route=\/wp\/v2\/posts\/50067\/revisions"}],"wp:attachment":[{"href":"https:\/\/webciudadana.net\/index.php?rest_route=%2Fwp%2Fv2%2Fmedia&parent=50067"}],"wp:term":[{"taxonomy":"category","embeddable":true,"href":"https:\/\/webciudadana.net\/index.php?rest_route=%2Fwp%2Fv2%2Fcategories&post=50067"},{"taxonomy":"post_tag","embeddable":true,"href":"https:\/\/webciudadana.net\/index.php?rest_route=%2Fwp%2Fv2%2Ftags&post=50067"}],"curies":[{"name":"wp","href":"https:\/\/api.w.org\/{rel}","templated":true}]}}