{"id":50086,"date":"2024-02-12T17:31:46","date_gmt":"2024-02-12T16:31:46","guid":{"rendered":"https:\/\/ticker-noticiasep.microcontenidos.com\/NoticiaRSS.vbhtml?user=XRNR562DLR&amp;cod=20240212173146"},"modified":"2024-02-12T17:31:46","modified_gmt":"2024-02-12T16:31:46","slug":"sea-starlight-participa-en-la-mesa-redonda-experiencias-turismo-espana-en-el-marco-de-fitur","status":"publish","type":"post","link":"https:\/\/webciudadana.net\/?p=50086","title":{"rendered":"Sea Starlight participa en la mesa redonda &#8216;Experiencias Turismo Espa\u00f1a&#8217; en el marco de Fitur"},"content":{"rendered":"\n<div><img decoding=\"async\" src=\"\/wp-content\/uploads\/sites\/2\/2024\/02\/sea-starlight-participa-en-la-mesa-redonda-experiencias-turismo-espana-en-el-marco-de-fitur.jpg\" class=\"ff-og-image-inserted\"><\/div>\n<p>(Informaci\u00f3n remitida por la empresa firmante)<\/p>\n<p>\nMadrid, 13 de febrero de 2024.- La Sala \u00c1gora de Turespa\u00f1a ha sido el escenario para este acto que ha presidido el Ministro de Industria y Turismo, Jordi Hereu, y moderado por la Secretaria de Estado, Rosana Morillo.<\/p>\n<p> Xavier Mart\u00ednez, coordinador del proyecto Sea Starlight, proyecto financiado con fondos Next Generation, dentro del Plan de Recuperaci\u00f3n, Transformaci\u00f3n y Resiliencia, inici\u00f3 su presentaci\u00f3n con un emotivo v\u00eddeo y, a continuaci\u00f3n, resalt\u00f3 la relaci\u00f3n que siempre ha existido entre navegaci\u00f3n y astronom\u00eda, destacando que el 85 % de la poblaci\u00f3n mundial vive bajo cielos contaminados lum\u00ednicamente, lo que entre otros factores comporta un deterioro del legado hist\u00f3rico, cultural, medioambiental y est\u00e9tico.<\/p>\n<p> Los navegantes, dec\u00eda a continuaci\u00f3n, tienen la suerte de que al alejarse de la costa disfrutan de cielos oscuros, libres de contaminaci\u00f3n lum\u00ednica, y visibles simplemente a \u00abojo desnudo\u00bb.<\/p>\n<p> En Espa\u00f1a visitan unos 2,4 MM de turistas n\u00e1uticos, y este proyecto debe ser capaz de rejuvenecer la actual oferta, agregando el paisaje y el relato de la b\u00f3veda celeste, siendo este recurso gratuito, destacaba la Secretaria de Estado Rosana Morillo.<\/p>\n<p> El proyecto, que apuesta por la innovaci\u00f3n tecnol\u00f3gica, ofrecer\u00e1 a una experiencia impactante de realidad virtual que transportar\u00e1 hasta el s. XVI para mostrar c\u00f3mo los marinos se orientaban en la antig\u00fcedad mirando el cielo.<\/p>\n<p> Sea Starlight est\u00e1 comprometido firmemente por un turismo sostenible y respetuoso con los mares y cielos, y para ello, entre otras acciones, ha dise\u00f1ado dos programas: \u00abSocial Sea Starlight\u00bb, programando diferentes charlas sobre navegaci\u00f3n y astronom\u00eda en centros docentes, as\u00ed como actividades con colectivos vulnerables en los que la realidad virtual ser\u00e1 un instrumento muy valioso, y el programa \u00abWoman Sea Starlight\u00bb, en el que se quiere dar voz a mujeres sobresalientes en el campo de la navegaci\u00f3n y la astronom\u00eda organizando diferentes jornadas.<\/p>\n<p> Todas las experiencias Sea Starlight estar\u00e1n disponibles a trav\u00e9s de las diez empresas que conforman el proyecto en modo agrupaci\u00f3n, representando en su conjunto una buena parte de los 8.000 kil\u00f3metros que jalonan las costas espa\u00f1olas en torno a un relato com\u00fan en el que se pone en valor la cultura del cielo y el arte de navegar:<\/p>\n<p>\nCabo Mayor &#8211; Cantabria<\/p>\n<p>\nAcademia N\u00e1utica Lanzarote &#8211; Canarias<\/p>\n<p>\nSan Yago Charter &#8211; Galicia<\/p>\n<p>\nEscuela N\u00e1utica Azimut &#8211; Asturias<\/p>\n<p>\nPakea Sailing Experiences &#8211; Euskadi<\/p>\n<p>\nViraz\u00f3n Ch\u00e1rter &#8211; Regi\u00f3n de Murcia<\/p>\n<p>\nA Toda Vela &#8211; Andaluc\u00eda<\/p>\n<p>\nAcademia N\u00e1utica Oc\u00e9ano &#8211; Comunitat Valenciana<\/p>\n<p>\nClub del Navegante &#8211; Catalu\u00f1a<\/p>\n<p>\nNautic Ocean &#8211; Coordinador<\/p>\n<p>\nEl proyecto Sea Starlight tiene previsto ver la luz, por supuesto la de las estrellas, la pr\u00f3xima primavera, pero ya se puede visitar su p\u00e1gina para solicitar informaci\u00f3n.<\/p>\n<p> Contacto<\/p>\n<p>\nEmisor: Sea Starlight<\/p>\n<p>\nContacto: Gabinete Period\u00edstico<\/p>\n<p>\nEmail de contacto: comunicados@prensaymedios.com<\/p>\n","protected":false},"excerpt":{"rendered":"<p>(Informaci\u00f3n remitida por la empresa firmante) Madrid, 13 de febrero de 2024.- La Sala \u00c1gora de Turespa\u00f1a ha sido el escenario para este acto que ha presidido el Ministro de Industria y Turismo, Jordi Hereu, y moderado por la Secretaria de Estado, Rosana Morillo. Xavier Mart\u00ednez, coordinador del proyecto Sea Starlight, proyecto financiado con fondos [&hellip;]<\/p>\n","protected":false},"author":1,"featured_media":0,"comment_status":"closed","ping_status":"closed","sticky":false,"template":"","format":"standard","meta":{"footnotes":""},"categories":[],"tags":[],"class_list":["post-50086","post","type-post","status-publish","format-standard","hentry"],"_links":{"self":[{"href":"https:\/\/webciudadana.net\/index.php?rest_route=\/wp\/v2\/posts\/50086","targetHints":{"allow":["GET"]}}],"collection":[{"href":"https:\/\/webciudadana.net\/index.php?rest_route=\/wp\/v2\/posts"}],"about":[{"href":"https:\/\/webciudadana.net\/index.php?rest_route=\/wp\/v2\/types\/post"}],"author":[{"embeddable":true,"href":"https:\/\/webciudadana.net\/index.php?rest_route=\/wp\/v2\/users\/1"}],"replies":[{"embeddable":true,"href":"https:\/\/webciudadana.net\/index.php?rest_route=%2Fwp%2Fv2%2Fcomments&post=50086"}],"version-history":[{"count":0,"href":"https:\/\/webciudadana.net\/index.php?rest_route=\/wp\/v2\/posts\/50086\/revisions"}],"wp:attachment":[{"href":"https:\/\/webciudadana.net\/index.php?rest_route=%2Fwp%2Fv2%2Fmedia&parent=50086"}],"wp:term":[{"taxonomy":"category","embeddable":true,"href":"https:\/\/webciudadana.net\/index.php?rest_route=%2Fwp%2Fv2%2Fcategories&post=50086"},{"taxonomy":"post_tag","embeddable":true,"href":"https:\/\/webciudadana.net\/index.php?rest_route=%2Fwp%2Fv2%2Ftags&post=50086"}],"curies":[{"name":"wp","href":"https:\/\/api.w.org\/{rel}","templated":true}]}}